{"id":30898,"date":"2025-12-10T21:00:00","date_gmt":"2025-12-11T01:00:00","guid":{"rendered":"https:\/\/prensapresidencialvenezuela.gob.ve\/?p=30898"},"modified":"2025-12-11T11:16:34","modified_gmt":"2025-12-11T15:16:34","slug":"jefe-de-estado-agradece-apoyo-en-oslo-contra-la-guerra-y-confirma-crecimiento-economico-del-9-en-venezuela","status":"publish","type":"post","link":"https:\/\/prensapresidencialvenezuela.gob.ve\/index.php\/2025\/12\/10\/jefe-de-estado-agradece-apoyo-en-oslo-contra-la-guerra-y-confirma-crecimiento-economico-del-9-en-venezuela\/","title":{"rendered":"Jefe de Estado agradece apoyo en Oslo contra la guerra y confirma crecimiento econ\u00f3mico del 9% en Venezuela"},"content":{"rendered":"\n<p><strong>Caracas, Venezuela .-<\/strong> El presidente de la Rep\u00fablica Bolivariana de Venezuela, Nicol\u00e1s Maduro Moros, agradeci\u00f3 este mi\u00e9rcoles, 10 de diciembre de 2025, el masivo apoyo a la paz en Venezuela registrado en Noruega y reafirm\u00f3 el rumbo de crecimiento econ\u00f3mico del pa\u00eds, a la vez que denunci\u00f3 planes intervencionistas.<\/p>\n\n\n\n<p>El Jefe de Estado inici\u00f3 su jornada destacando el consenso con el sector privado, se\u00f1alando, \u00abayer tuve tremendo encuentro, un conversatorio con m\u00e1s de 600 empresarios de primer nivel de Venezuela para llegar a los planes de consenso, porque este a\u00f1o estamos creciendo el 9%, y el pr\u00f3ximo a\u00f1o el crecimiento y expansi\u00f3n de la econom\u00eda venezolana va a seguir su rumbo al mismo ritmo\u00bb.<\/p>\n\n\n\n<p>El presidente Maduro expres\u00f3 su sorpresa y gratitud ante las im\u00e1genes provenientes de Oslo, Noruega, donde importantes personalidades del Comit\u00e9 de Paz rechazaron p\u00fablicamente que se \u00abllenara de sangre el Premio Nobel\u00bb, y se retiraron de los actos en protesta contra la agresi\u00f3n militar de Estados Unidos a Venezuela. Destac\u00f3 especialmente la \u00abmultitudinaria marcha del pueblo de Noruega, de vecinos y vecinas de Oslo que salieron a gritar \u00a1Qu\u00e9 viva Venezuela! \u00a1Apoyo a Venezuela! \u00a1No a la guerra por petr\u00f3leo! gritaban con pancartas: \u00a1No sangre por petr\u00f3leo!\u00bb.<\/p>\n\n\n\n<figure class=\"wp-block-image size-large\"><img fetchpriority=\"high\" decoding=\"async\" width=\"1024\" height=\"666\" src=\"https:\/\/prensapresidencialvenezuela.gob.ve\/wp-content\/uploads\/2025\/12\/11EG__5910_P-1024x666.jpg\" alt=\"\" class=\"wp-image-30909\" srcset=\"https:\/\/prensapresidencialvenezuela.gob.ve\/wp-content\/uploads\/2025\/12\/11EG__5910_P-1024x666.jpg 1024w, https:\/\/prensapresidencialvenezuela.gob.ve\/wp-content\/uploads\/2025\/12\/11EG__5910_P-300x195.jpg 300w, https:\/\/prensapresidencialvenezuela.gob.ve\/wp-content\/uploads\/2025\/12\/11EG__5910_P-768x500.jpg 768w, https:\/\/prensapresidencialvenezuela.gob.ve\/wp-content\/uploads\/2025\/12\/11EG__5910_P-1536x999.jpg 1536w, https:\/\/prensapresidencialvenezuela.gob.ve\/wp-content\/uploads\/2025\/12\/11EG__5910_P-2048x1333.jpg 2048w\" sizes=\"(max-width: 1024px) 100vw, 1024px\" \/><\/figure>\n\n\n\n<p>Mencion\u00f3 que hoy la protesta fue a\u00fan m\u00e1s grande, con el doble de gente. El Mandatario afirm\u00f3 que los pueblos \u00absaben qui\u00e9nes son los nazis, los fascistas y los pueblos saben qui\u00e9nes somos nosotros\u00bb.<\/p>\n\n\n\n<p>El Primer Mandatario reiter\u00f3 la posici\u00f3n irrenunciable del pa\u00eds frente a cualquier intento de dominaci\u00f3n econ\u00f3mica o pol\u00edtica, \u00abtodo el que quiere el petr\u00f3leo venezolano, a respetar la ley, la Constituci\u00f3n, la soberan\u00eda nacional y a producir; invierte, paga y vende su petr\u00f3leo.<\/p>\n\n\n\n<p>Colonia petrolera Venezuela, \u00a1m\u00e1s nunca! Ni colonia, ni esclavos, jam\u00e1s, tenemos que garantizarlo\u00bb.<\/p>\n\n\n\n<p><strong>Prensa Presidencial\/ Kaylib Maita<\/strong><\/p>\n","protected":false},"excerpt":{"rendered":"<p>Caracas, Venezuela .- El presidente de la Rep\u00fablica Bolivariana de Venezuela, Nicol\u00e1s Maduro Moros, agradeci\u00f3 este mi\u00e9rcoles, 10 de diciembre de 2025, el masivo apoyo a la paz en Venezuela registrado en Noruega y reafirm\u00f3 el rumbo de crecimiento econ\u00f3mico del pa\u00eds, a la vez que denunci\u00f3 planes intervencionistas. El Jefe de Estado inici\u00f3 su [&hellip;]<\/p>\n","protected":false},"author":1,"featured_media":30899,"comment_status":"open","ping_status":"open","sticky":false,"template":"","format":"standard","meta":{"footnotes":""},"categories":[18,7],"tags":[19,27,20],"class_list":["post-30898","post","type-post","status-publish","format-standard","has-post-thumbnail","hentry","category-noticias-principales","category-notas-de-prensa","tag-nicolas-maduro","tag-revolucion-bolivariana","tag-venezuela"],"_links":{"self":[{"href":"https:\/\/prensapresidencialvenezuela.gob.ve\/index.php\/wp-json\/wp\/v2\/posts\/30898","targetHints":{"allow":["GET"]}}],"collection":[{"href":"https:\/\/prensapresidencialvenezuela.gob.ve\/index.php\/wp-json\/wp\/v2\/posts"}],"about":[{"href":"https:\/\/prensapresidencialvenezuela.gob.ve\/index.php\/wp-json\/wp\/v2\/types\/post"}],"author":[{"embeddable":true,"href":"https:\/\/prensapresidencialvenezuela.gob.ve\/index.php\/wp-json\/wp\/v2\/users\/1"}],"replies":[{"embeddable":true,"href":"https:\/\/prensapresidencialvenezuela.gob.ve\/index.php\/wp-json\/wp\/v2\/comments?post=30898"}],"version-history":[{"count":2,"href":"https:\/\/prensapresidencialvenezuela.gob.ve\/index.php\/wp-json\/wp\/v2\/posts\/30898\/revisions"}],"predecessor-version":[{"id":30910,"href":"https:\/\/prensapresidencialvenezuela.gob.ve\/index.php\/wp-json\/wp\/v2\/posts\/30898\/revisions\/30910"}],"wp:featuredmedia":[{"embeddable":true,"href":"https:\/\/prensapresidencialvenezuela.gob.ve\/index.php\/wp-json\/wp\/v2\/media\/30899"}],"wp:attachment":[{"href":"https:\/\/prensapresidencialvenezuela.gob.ve\/index.php\/wp-json\/wp\/v2\/media?parent=30898"}],"wp:term":[{"taxonomy":"category","embeddable":true,"href":"https:\/\/prensapresidencialvenezuela.gob.ve\/index.php\/wp-json\/wp\/v2\/categories?post=30898"},{"taxonomy":"post_tag","embeddable":true,"href":"https:\/\/prensapresidencialvenezuela.gob.ve\/index.php\/wp-json\/wp\/v2\/tags?post=30898"}],"curies":[{"name":"wp","href":"https:\/\/api.w.org\/{rel}","templated":true}]}}