{"id":30902,"date":"2025-12-10T21:15:00","date_gmt":"2025-12-11T01:15:00","guid":{"rendered":"https:\/\/prensapresidencialvenezuela.gob.ve\/?p=30902"},"modified":"2025-12-11T11:16:23","modified_gmt":"2025-12-11T15:16:23","slug":"venezolanos-reafirman-su-compromiso-con-la-patria-mediante-el-juramento-zamorano","status":"publish","type":"post","link":"https:\/\/prensapresidencialvenezuela.gob.ve\/index.php\/2025\/12\/10\/venezolanos-reafirman-su-compromiso-con-la-patria-mediante-el-juramento-zamorano\/","title":{"rendered":"Venezolanos reafirman su compromiso con la Patria mediante el juramento zamorano"},"content":{"rendered":"\n<p><strong>Caracas, Venezuela.-<\/strong> El presidente de la Rep\u00fablica Bolivariana de Venezuela, Nicol\u00e1s Maduro Moros, junto al pueblo venezolano, levantaron la mano izquierda ante banderas tricolores y un mar de gente revolucionaria,para realizar el juramento zamorano, como reafirmaci\u00f3n de su compromiso con la Naci\u00f3n.<\/p>\n\n\n\n<p>A continuaci\u00f3n, las palabras expresadas por el Jefe de Estado para enaltecer el juramento por la Patria del Libertador Sim\u00f3n Bol\u00edvar y el comandante Ch\u00e1vez: Independientes, libres, soberanos y felices siempre, por siempre y para siempre, con el favor de Dios, siempre, todopoderoso. Aqu\u00ed lleg\u00f3 la espada victoriosa del general del pueblo soberano Ezequiel Zamora. \u00a1Aqu\u00ed lleg\u00f3 Zamora!<\/p>\n\n\n\n<figure class=\"wp-block-image size-large\"><img fetchpriority=\"high\" decoding=\"async\" width=\"1024\" height=\"683\" src=\"https:\/\/prensapresidencialvenezuela.gob.ve\/wp-content\/uploads\/2025\/12\/07_JZ_L0520_P-1024x683.jpg\" alt=\"\" class=\"wp-image-30906\" srcset=\"https:\/\/prensapresidencialvenezuela.gob.ve\/wp-content\/uploads\/2025\/12\/07_JZ_L0520_P-1024x683.jpg 1024w, https:\/\/prensapresidencialvenezuela.gob.ve\/wp-content\/uploads\/2025\/12\/07_JZ_L0520_P-300x200.jpg 300w, https:\/\/prensapresidencialvenezuela.gob.ve\/wp-content\/uploads\/2025\/12\/07_JZ_L0520_P-768x512.jpg 768w, https:\/\/prensapresidencialvenezuela.gob.ve\/wp-content\/uploads\/2025\/12\/07_JZ_L0520_P-1536x1024.jpg 1536w, https:\/\/prensapresidencialvenezuela.gob.ve\/wp-content\/uploads\/2025\/12\/07_JZ_L0520_P-2048x1365.jpg 2048w\" sizes=\"(max-width: 1024px) 100vw, 1024px\" \/><\/figure>\n\n\n\n<p>Su sable, tan humilde como \u00e9l, bien empu\u00f1ado,siempre lo llev\u00f3 a la victoria y ahora est\u00e1 en nuestras manos. Y si est\u00e1 en nuestras manos, el sable de Zamora est\u00e1 en manos seguras, patriotas y revolucionarias para llevarlo a nuevas victorias. Zamora, aquel pulpero, aquel campesino que se convirti\u00f3 en un genio militar, lo subestim\u00f3 la oligarqu\u00eda delos apellidos de Caracas.<\/p>\n\n\n\n<p>Lo llamaban el bandolero, lo mismo me llaman a m\u00ed. Lo vilipendiaron, pero nunca pudieron someterlo ni derrotarlo. La traici\u00f3n lo mat\u00f3 un 10 de diciembre del a\u00f1o 1860.<\/p>\n\n\n\n<p>En esta oportunidad, ni traici\u00f3n ni muerte,lucha, batalla, victoria y uni\u00f3n del pueblo. Unidad, lucha, batalla y victoria permanente. Por eso, en este d\u00eda lluvioso, inolvidable, de hoy, 10 de diciembre de 2025, vamos a hacer un juramento zamorano.Hombres y mujeres del pueblo, milicianos y milicianas.<\/p>\n\n\n\n<p>Juro, con el sable del general del pueblo soberano Ezequiel Zamora. Juro, lealtad absoluta a la Patria venezolana.Juro, profundizar el fortalecimiento del poder popular. Juro, llevar a nuestra Patria venezolana a grandes victorias. Y siempre defender el derecho de nuestra tierra a la paz y a la vida.<\/p>\n\n\n\n<p>Juro, ante Dios todo poderoso, ante nuestro Se\u00f1or Jesucristo. Levantar esta espada y defender a Venezuela. Frente a cualquier agresi\u00f3n gringa.<\/p>\n\n\n\n<p>De esta manera, el presidente Maduro transmiti\u00f3 un mensaje contundente al mundo,al reiterar que la Batalla de Santa In\u00e9s permanece viva en las luchas actuales y en las conquistas alcanzadas por el pueblo, ya que \u00abVenezuela mantiene su rumbo victorioso, y consolidando la uni\u00f3n c\u00edvico-militar-policial y el compromiso colectivo de avanzar en la defensa de la soberan\u00eda, la paz y el desarrollo integral del pa\u00eds.<\/p>\n\n\n\n<p><strong>Prensa Presidencial\/ Irmary D\u00edaz<\/strong><\/p>\n","protected":false},"excerpt":{"rendered":"<p>Caracas, Venezuela.- El presidente de la Rep\u00fablica Bolivariana de Venezuela, Nicol\u00e1s Maduro Moros, junto al pueblo venezolano, levantaron la mano izquierda ante banderas tricolores y un mar de gente revolucionaria,para realizar el juramento zamorano, como reafirmaci\u00f3n de su compromiso con la Naci\u00f3n. A continuaci\u00f3n, las palabras expresadas por el Jefe de Estado para enaltecer el [&hellip;]<\/p>\n","protected":false},"author":15,"featured_media":30904,"comment_status":"open","ping_status":"open","sticky":false,"template":"","format":"standard","meta":{"footnotes":""},"categories":[18,7],"tags":[19,557,27,20],"class_list":["post-30902","post","type-post","status-publish","format-standard","has-post-thumbnail","hentry","category-noticias-principales","category-notas-de-prensa","tag-nicolas-maduro","tag-paz","tag-revolucion-bolivariana","tag-venezuela"],"_links":{"self":[{"href":"https:\/\/prensapresidencialvenezuela.gob.ve\/index.php\/wp-json\/wp\/v2\/posts\/30902","targetHints":{"allow":["GET"]}}],"collection":[{"href":"https:\/\/prensapresidencialvenezuela.gob.ve\/index.php\/wp-json\/wp\/v2\/posts"}],"about":[{"href":"https:\/\/prensapresidencialvenezuela.gob.ve\/index.php\/wp-json\/wp\/v2\/types\/post"}],"author":[{"embeddable":true,"href":"https:\/\/prensapresidencialvenezuela.gob.ve\/index.php\/wp-json\/wp\/v2\/users\/15"}],"replies":[{"embeddable":true,"href":"https:\/\/prensapresidencialvenezuela.gob.ve\/index.php\/wp-json\/wp\/v2\/comments?post=30902"}],"version-history":[{"count":2,"href":"https:\/\/prensapresidencialvenezuela.gob.ve\/index.php\/wp-json\/wp\/v2\/posts\/30902\/revisions"}],"predecessor-version":[{"id":30907,"href":"https:\/\/prensapresidencialvenezuela.gob.ve\/index.php\/wp-json\/wp\/v2\/posts\/30902\/revisions\/30907"}],"wp:featuredmedia":[{"embeddable":true,"href":"https:\/\/prensapresidencialvenezuela.gob.ve\/index.php\/wp-json\/wp\/v2\/media\/30904"}],"wp:attachment":[{"href":"https:\/\/prensapresidencialvenezuela.gob.ve\/index.php\/wp-json\/wp\/v2\/media?parent=30902"}],"wp:term":[{"taxonomy":"category","embeddable":true,"href":"https:\/\/prensapresidencialvenezuela.gob.ve\/index.php\/wp-json\/wp\/v2\/categories?post=30902"},{"taxonomy":"post_tag","embeddable":true,"href":"https:\/\/prensapresidencialvenezuela.gob.ve\/index.php\/wp-json\/wp\/v2\/tags?post=30902"}],"curies":[{"name":"wp","href":"https:\/\/api.w.org\/{rel}","templated":true}]}}