{"id":30980,"date":"2025-12-11T19:14:29","date_gmt":"2025-12-11T23:14:29","guid":{"rendered":"https:\/\/prensapresidencialvenezuela.gob.ve\/?p=30980"},"modified":"2025-12-11T21:32:40","modified_gmt":"2025-12-12T01:32:40","slug":"jefe-de-estado-visita-la-comuna-socialista-amalivaca-para-supervisar-los-avances-del-gobierno-comunal","status":"publish","type":"post","link":"https:\/\/prensapresidencialvenezuela.gob.ve\/index.php\/2025\/12\/11\/jefe-de-estado-visita-la-comuna-socialista-amalivaca-para-supervisar-los-avances-del-gobierno-comunal\/","title":{"rendered":"Jefe de Estado visita la Comuna Socialista Amalivaca para supervisar los avances del Gobierno Comunal"},"content":{"rendered":"\n<p><strong>Caracas, Venezuela.-<\/strong> El presidente de la Rep\u00fablica Bolivariana de Venezuela, Nicol\u00e1s Maduro Moros, visita este jueves la Comuna Socialista Amalivaca en el sector Pinto Salinas, en la parroquia El Recreo de Caracas, lugar donde el Gobierno Comunal ha dado muestra del fortalecimiento de la democracia directa y participativa.<\/p>\n\n\n\n<p>Este \u00e1mbito territorial est\u00e1 conformado por 15 mil 950 habitantes, lo que equivale a 6 mil 571 familias que hacen vida en el sector; donde se mantienen activos 24 consejos comunales.<\/p>\n\n\n\n<p>El pasado 8 de diciembre, el Mandatario Nacional anunci\u00f3 el surgimiento del nuevo Sistema del Gobierno Comunal de Transici\u00f3n al Socialismo, un modelo de gesti\u00f3n popular que articula las Salas de Autogobiernos de los 5 mil 336 circuitos comunales del pa\u00eds, con todas las \u00e1reas de pol\u00edticas p\u00fablicas.<\/p>\n\n\n\n<figure class=\"wp-block-image size-large\"><img fetchpriority=\"high\" decoding=\"async\" width=\"872\" height=\"1024\" src=\"https:\/\/prensapresidencialvenezuela.gob.ve\/wp-content\/uploads\/2025\/12\/06_ZC__6153_P-872x1024.jpg\" alt=\"\" class=\"wp-image-30984\" srcset=\"https:\/\/prensapresidencialvenezuela.gob.ve\/wp-content\/uploads\/2025\/12\/06_ZC__6153_P-872x1024.jpg 872w, https:\/\/prensapresidencialvenezuela.gob.ve\/wp-content\/uploads\/2025\/12\/06_ZC__6153_P-255x300.jpg 255w, https:\/\/prensapresidencialvenezuela.gob.ve\/wp-content\/uploads\/2025\/12\/06_ZC__6153_P-768x902.jpg 768w, https:\/\/prensapresidencialvenezuela.gob.ve\/wp-content\/uploads\/2025\/12\/06_ZC__6153_P-1308x1536.jpg 1308w, https:\/\/prensapresidencialvenezuela.gob.ve\/wp-content\/uploads\/2025\/12\/06_ZC__6153_P.jpg 1703w\" sizes=\"(max-width: 872px) 100vw, 872px\" \/><\/figure>\n\n\n\n<p>El sector Pinto Salinas cuenta con un Centro Diagn\u00f3stico Integral (CDI) \u201cPinto Salinas\u201d 1 y un Centro Oftalmol\u00f3gico Ernesto \u201cChe\u201d Guevara, en el que se ofrecen los siguientes servicios:<\/p>\n\n\n\n<ul class=\"wp-block-list\">\n<li>Consulta m\u00e9dica general<\/li>\n\n\n\n<li>Laboratorio cl\u00ednico<\/li>\n\n\n\n<li>Laboratorio suma (en esta \u00e1rea se atiende la enfermedad de chagas, hepatitis, ant\u00edgeno prost\u00e1tico)<\/li>\n\n\n\n<li>Rayos X<\/li>\n\n\n\n<li>Ultrasonograf\u00eda<\/li>\n\n\n\n<li>Enfermar\u00eda<\/li>\n\n\n\n<li>Sala de terapia<\/li>\n\n\n\n<li>Vacunaci\u00f3n<\/li>\n\n\n\n<li>Odontolog\u00eda<\/li>\n\n\n\n<li>\u00c1rea administrativa<\/li>\n\n\n\n<li>Sala de Unidad de Cuidados Intensivos (UCI)<\/li>\n\n\n\n<li>Comedor, farmacia y enfermer\u00eda<\/li>\n\n\n\n<li>Trauma Shock<\/li>\n\n\n\n<li>Ecograf\u00eda<\/li>\n\n\n\n<li>Inmunolog\u00eda<\/li>\n<\/ul>\n\n\n\n<p>Los servicios benefician tanto a la comunidad de la parroquia El Recreo como a habitantes del estado Miranda. El centro de salud data desde el a\u00f1o 2003 cuando el Comandante Eterno, Hugo Ch\u00e1vez, lo inaugur\u00f3.<\/p>\n\n\n\n<p>Al CDI y al centro oftalmol\u00f3gico acuden mensualmente m\u00e1s de 3 mil 300 personas, quienes son atendidos por la excelencia m\u00e9dica de 21 especialistas venezolanos y cubanos, en diferentes \u00e1reas de la salud.<\/p>\n\n\n\n<blockquote class=\"wp-block-quote is-layout-flow wp-block-quote-is-layout-flow\">\n<p>El Jefe de Estado ha subrayado de manera reiterada que la \u201ccomuna se ha convertido en la realidad venezolana, en la gran fuerza de construcci\u00f3n de una nueva sociedad de valores, de armon\u00eda, de convivencia, de democracia verdadera y de base\u201d.<\/p>\n<\/blockquote>\n\n\n\n<p>Por tal raz\u00f3n, dict\u00f3 siete l\u00edneas de acci\u00f3n para el 2026, con el fin de materializar teor\u00edas, aplicar acciones y obtener resultados en la dotaci\u00f3n de m\u00e1s poder al Pueblo y afianzar esta forma de organizaci\u00f3n popular.<\/p>\n\n\n\n<p><strong>Prensa Presidencial\/ Irmary D\u00edaz<\/strong><\/p>\n\n\n\n<p><\/p>\n\n\n\n<pre class=\"wp-block-code\"><code>\n<\/code><\/pre>\n","protected":false},"excerpt":{"rendered":"<p>Caracas, Venezuela.- El presidente de la Rep\u00fablica Bolivariana de Venezuela, Nicol\u00e1s Maduro Moros, visita este jueves la Comuna Socialista Amalivaca en el sector Pinto Salinas, en la parroquia El Recreo de Caracas, lugar donde el Gobierno Comunal ha dado muestra del fortalecimiento de la democracia directa y participativa. Este \u00e1mbito territorial est\u00e1 conformado por 15 [&hellip;]<\/p>\n","protected":false},"author":15,"featured_media":30983,"comment_status":"open","ping_status":"open","sticky":false,"template":"","format":"standard","meta":{"footnotes":""},"categories":[18,7],"tags":[1864,19,557,1809,192,27,20],"class_list":["post-30980","post","type-post","status-publish","format-standard","has-post-thumbnail","hentry","category-noticias-principales","category-notas-de-prensa","tag-jueves-de-comuna","tag-nicolas-maduro","tag-paz","tag-poder-comunal","tag-poder-popular","tag-revolucion-bolivariana","tag-venezuela"],"_links":{"self":[{"href":"https:\/\/prensapresidencialvenezuela.gob.ve\/index.php\/wp-json\/wp\/v2\/posts\/30980","targetHints":{"allow":["GET"]}}],"collection":[{"href":"https:\/\/prensapresidencialvenezuela.gob.ve\/index.php\/wp-json\/wp\/v2\/posts"}],"about":[{"href":"https:\/\/prensapresidencialvenezuela.gob.ve\/index.php\/wp-json\/wp\/v2\/types\/post"}],"author":[{"embeddable":true,"href":"https:\/\/prensapresidencialvenezuela.gob.ve\/index.php\/wp-json\/wp\/v2\/users\/15"}],"replies":[{"embeddable":true,"href":"https:\/\/prensapresidencialvenezuela.gob.ve\/index.php\/wp-json\/wp\/v2\/comments?post=30980"}],"version-history":[{"count":1,"href":"https:\/\/prensapresidencialvenezuela.gob.ve\/index.php\/wp-json\/wp\/v2\/posts\/30980\/revisions"}],"predecessor-version":[{"id":30985,"href":"https:\/\/prensapresidencialvenezuela.gob.ve\/index.php\/wp-json\/wp\/v2\/posts\/30980\/revisions\/30985"}],"wp:featuredmedia":[{"embeddable":true,"href":"https:\/\/prensapresidencialvenezuela.gob.ve\/index.php\/wp-json\/wp\/v2\/media\/30983"}],"wp:attachment":[{"href":"https:\/\/prensapresidencialvenezuela.gob.ve\/index.php\/wp-json\/wp\/v2\/media?parent=30980"}],"wp:term":[{"taxonomy":"category","embeddable":true,"href":"https:\/\/prensapresidencialvenezuela.gob.ve\/index.php\/wp-json\/wp\/v2\/categories?post=30980"},{"taxonomy":"post_tag","embeddable":true,"href":"https:\/\/prensapresidencialvenezuela.gob.ve\/index.php\/wp-json\/wp\/v2\/tags?post=30980"}],"curies":[{"name":"wp","href":"https:\/\/api.w.org\/{rel}","templated":true}]}}