{"id":30986,"date":"2025-12-11T19:17:15","date_gmt":"2025-12-11T23:17:15","guid":{"rendered":"https:\/\/prensapresidencialvenezuela.gob.ve\/?p=30986"},"modified":"2025-12-11T21:32:07","modified_gmt":"2025-12-12T01:32:07","slug":"gobierno-bolivariano-transforma-pinto-salinas-en-caracas-con-obras-y-poder-popular-productivo","status":"publish","type":"post","link":"https:\/\/prensapresidencialvenezuela.gob.ve\/index.php\/2025\/12\/11\/gobierno-bolivariano-transforma-pinto-salinas-en-caracas-con-obras-y-poder-popular-productivo\/","title":{"rendered":"Gobierno Bolivariano transforma Pinto Salinas en Caracas con obras y Poder Popular Productivo"},"content":{"rendered":"\n<p>Pinto Salinas, Caracas.- El presidente de la Rep\u00fablica Bolivariana de Venezuela, Nicol\u00e1s Maduro, junto al jefe de Gobierno de Caracas, Nahum Fern\u00e1ndez, lider\u00f3 este jueves una jornada de inspecci\u00f3n y entrega de obras de rehabilitaci\u00f3n integral en la combativa comunidad de Pinto Salinas, en la parroquia El Recreo de Caracas, destacando el esp\u00edritu emprendedor y la organizaci\u00f3n del Poder Popular.<\/p>\n\n\n\n<p>La visita ratific\u00f3 el compromiso del Gobierno Bolivariano con el bienestar social, anunciando y verificando importantes avances en infraestructura y desarrollo comunal. El paquete de obras, ejecutadas principalmente por la Comuna Socialista Amalivaca en articulaci\u00f3n con el Estado, por medio de la Consulta Popular Nacional, contempla:<\/p>\n\n\n\n<ul class=\"wp-block-list\">\n<li>Sustituci\u00f3n de techos en toda la comunidad.<\/li>\n\n\n\n<li>Reparaci\u00f3n de escaleras, caminer\u00edas y sustituci\u00f3n de tuber\u00edas de agua potable.<\/li>\n\n\n\n<li>Sustituci\u00f3n de tuber\u00edas de agua potable de la red principal.<\/li>\n\n\n\n<li>Reparaci\u00f3n de ascensores en los edificios.<\/li>\n\n\n\n<li>Reparaci\u00f3n e impermeabilizaci\u00f3n de 3 tanques de agua potable y reparaci\u00f3n adicional de tanques en dos bloques.<\/li>\n\n\n\n<li>Reparaci\u00f3n de escaleras y pasarelas que conectan desde el Bloque 1 al 14.<\/li>\n<\/ul>\n\n\n\n<figure class=\"wp-block-image size-full\"><img decoding=\"async\" src=\"https:\/\/prensapresidencialvenezuela.gob.ve\/wp-content\/uploads\/2025\/12\/04EG__6189_P-1.jpg\" alt=\"\" class=\"wp-image-31041\"\/><\/figure>\n\n\n\n<p>Durante el recorrido, se activaron varios espacios clave para la autogesti\u00f3n y el desarrollo social, adem\u00e1s se supervisaron otras obras tales como:<\/p>\n\n\n\n<ul class=\"wp-block-list\">\n<li>Inauguraci\u00f3n de una Farmacia Comunal.<\/li>\n\n\n\n<li>Puesta en funcionamiento de una Planta Potabilizadora.<\/li>\n\n\n\n<li>Activaci\u00f3n de una sala de formaci\u00f3n, el Banco Comunal y la Sala de la Juventud<\/li>\n\n\n\n<li>Exhibici\u00f3n de Emprendimientos Productivos locales.<\/li>\n<\/ul>\n\n\n\n<figure class=\"wp-block-image size-large\"><img fetchpriority=\"high\" decoding=\"async\" width=\"1024\" height=\"759\" src=\"https:\/\/prensapresidencialvenezuela.gob.ve\/wp-content\/uploads\/2025\/12\/23EG__6283_P-1024x759.jpg\" alt=\"\" class=\"wp-image-31040\" srcset=\"https:\/\/prensapresidencialvenezuela.gob.ve\/wp-content\/uploads\/2025\/12\/23EG__6283_P-1024x759.jpg 1024w, https:\/\/prensapresidencialvenezuela.gob.ve\/wp-content\/uploads\/2025\/12\/23EG__6283_P-300x222.jpg 300w, https:\/\/prensapresidencialvenezuela.gob.ve\/wp-content\/uploads\/2025\/12\/23EG__6283_P-768x569.jpg 768w, https:\/\/prensapresidencialvenezuela.gob.ve\/wp-content\/uploads\/2025\/12\/23EG__6283_P-1536x1138.jpg 1536w, https:\/\/prensapresidencialvenezuela.gob.ve\/wp-content\/uploads\/2025\/12\/23EG__6283_P-2048x1517.jpg 2048w\" sizes=\"(max-width: 1024px) 100vw, 1024px\" \/><\/figure>\n\n\n\n<p>El Jefe de Estado enfatiz\u00f3 el car\u00e1cter resiliente y productivo del pueblo venezolano ante las agresiones externas y el bloqueo imperial. Destac\u00f3 que, a pesar de esta coyuntura, el esp\u00edritu productivo del Pueblo ha prevalecido, dando un ejemplo al mundo sobre su fortaleza ante las adversidades:<\/p>\n\n\n\n<p>\u201cPorque t\u00fa sabes que cuando arranc\u00f3 el bloqueo, todas estas medidas criminales e ilegales, los imperialistas cre\u00edan que nuestro pueblo se iba achicopalar. Y aqu\u00ed no se achicopal\u00f3 nadie. Y aqu\u00ed nunca se va a achicopalar nadie, porque nuestro pueblo es un pueblo de valientes, innovadores, emprendedores\u201d, sostuvo.<\/p>\n\n\n\n<p>En un mensaje de paz y soberan\u00eda, el presidente Maduro reafirm\u00f3 su postura antiimperialista, a prop\u00f3sito de la presencia de representantes de la Asamblea de los Pueblos por la Paz y la Soberan\u00eda de Nuestra Am\u00e9rica, que acudieron a la comuna para conocer del nuevo Sistema del Gobierno Comunal de Transici\u00f3n al Socialismo.<\/p>\n\n\n\n<p><strong>Prensa Presidencial\/ Iliana Rosales<\/strong><\/p>\n","protected":false},"excerpt":{"rendered":"<p>Pinto Salinas, Caracas.- El presidente de la Rep\u00fablica Bolivariana de Venezuela, Nicol\u00e1s Maduro, junto al jefe de Gobierno de Caracas, Nahum Fern\u00e1ndez, lider\u00f3 este jueves una jornada de inspecci\u00f3n y entrega de obras de rehabilitaci\u00f3n integral en la combativa comunidad de Pinto Salinas, en la parroquia El Recreo de Caracas, destacando el esp\u00edritu emprendedor y [&hellip;]<\/p>\n","protected":false},"author":19,"featured_media":30987,"comment_status":"open","ping_status":"open","sticky":false,"template":"","format":"standard","meta":{"footnotes":""},"categories":[18,7],"tags":[1864,19,557,192,27,20],"class_list":["post-30986","post","type-post","status-publish","format-standard","has-post-thumbnail","hentry","category-noticias-principales","category-notas-de-prensa","tag-jueves-de-comuna","tag-nicolas-maduro","tag-paz","tag-poder-popular","tag-revolucion-bolivariana","tag-venezuela"],"_links":{"self":[{"href":"https:\/\/prensapresidencialvenezuela.gob.ve\/index.php\/wp-json\/wp\/v2\/posts\/30986","targetHints":{"allow":["GET"]}}],"collection":[{"href":"https:\/\/prensapresidencialvenezuela.gob.ve\/index.php\/wp-json\/wp\/v2\/posts"}],"about":[{"href":"https:\/\/prensapresidencialvenezuela.gob.ve\/index.php\/wp-json\/wp\/v2\/types\/post"}],"author":[{"embeddable":true,"href":"https:\/\/prensapresidencialvenezuela.gob.ve\/index.php\/wp-json\/wp\/v2\/users\/19"}],"replies":[{"embeddable":true,"href":"https:\/\/prensapresidencialvenezuela.gob.ve\/index.php\/wp-json\/wp\/v2\/comments?post=30986"}],"version-history":[{"count":2,"href":"https:\/\/prensapresidencialvenezuela.gob.ve\/index.php\/wp-json\/wp\/v2\/posts\/30986\/revisions"}],"predecessor-version":[{"id":31042,"href":"https:\/\/prensapresidencialvenezuela.gob.ve\/index.php\/wp-json\/wp\/v2\/posts\/30986\/revisions\/31042"}],"wp:featuredmedia":[{"embeddable":true,"href":"https:\/\/prensapresidencialvenezuela.gob.ve\/index.php\/wp-json\/wp\/v2\/media\/30987"}],"wp:attachment":[{"href":"https:\/\/prensapresidencialvenezuela.gob.ve\/index.php\/wp-json\/wp\/v2\/media?parent=30986"}],"wp:term":[{"taxonomy":"category","embeddable":true,"href":"https:\/\/prensapresidencialvenezuela.gob.ve\/index.php\/wp-json\/wp\/v2\/categories?post=30986"},{"taxonomy":"post_tag","embeddable":true,"href":"https:\/\/prensapresidencialvenezuela.gob.ve\/index.php\/wp-json\/wp\/v2\/tags?post=30986"}],"curies":[{"name":"wp","href":"https:\/\/api.w.org\/{rel}","templated":true}]}}