{"id":30992,"date":"2025-12-11T19:23:45","date_gmt":"2025-12-11T23:23:45","guid":{"rendered":"https:\/\/prensapresidencialvenezuela.gob.ve\/?p=30992"},"modified":"2025-12-11T21:31:51","modified_gmt":"2025-12-12T01:31:51","slug":"presidente-maduro-denuncia-intenciones-imperialistas-de-robo-de-recursos-naturales-venezolanos","status":"publish","type":"post","link":"https:\/\/prensapresidencialvenezuela.gob.ve\/index.php\/2025\/12\/11\/presidente-maduro-denuncia-intenciones-imperialistas-de-robo-de-recursos-naturales-venezolanos\/","title":{"rendered":"Presidente Maduro denuncia intenciones imperialistas de robo de recursos naturales venezolanos"},"content":{"rendered":"\n<p><strong>Pinto Salinas, Caracas &#8211;<\/strong> El presidente de la Rep\u00fablica Bolivariana de Venezuela, Nicol\u00e1s Maduro, durante una jornada de trabajo con el Poder Popular en el sector Pinto Salinas, Comuna Socialista Amalivaca, en Caracas, denunci\u00f3 las ambiciones del imperialismo por los recursos venezolanos.<\/p>\n\n\n\n<p>El presidente Maduro vincul\u00f3 directamente las agresiones internacionales con la inmensa riqueza natural del pa\u00eds, especialmente el asfalto, el gas y el petr\u00f3leo.<\/p>\n\n\n\n<p>\u201cTocaste una buena tecla. Por eso es que el imperialismo se quiere robar el petr\u00f3leo, el asfalto, el gas de Venezuela. As\u00ed mismo es. Pero le decimos, ladr\u00f3n, ladr\u00f3n, lejos de aqu\u00ed. Y no van a poder. As\u00ed es\u201d, dijo, en un intercambio con una vecina que explicaba de d\u00f3nde proven\u00eda el asfalto con el cual recuperaron las calles de la comunidad.<\/p>\n\n\n\n<p>El Mandatario Nacional subray\u00f3 que la recuperaci\u00f3n y el uso de estos materiales, incluyendo el asfalto para la impermeabilizaci\u00f3n de techos y viviendas, se realiza gracias a los esfuerzos productivos de la Naci\u00f3n.<\/p>\n\n\n\n<figure class=\"wp-block-image size-large\"><img fetchpriority=\"high\" decoding=\"async\" width=\"961\" height=\"1024\" src=\"https:\/\/prensapresidencialvenezuela.gob.ve\/wp-content\/uploads\/2025\/12\/14_ZC_L0947_P-961x1024.jpg\" alt=\"\" class=\"wp-image-30996\" srcset=\"https:\/\/prensapresidencialvenezuela.gob.ve\/wp-content\/uploads\/2025\/12\/14_ZC_L0947_P-961x1024.jpg 961w, https:\/\/prensapresidencialvenezuela.gob.ve\/wp-content\/uploads\/2025\/12\/14_ZC_L0947_P-281x300.jpg 281w, https:\/\/prensapresidencialvenezuela.gob.ve\/wp-content\/uploads\/2025\/12\/14_ZC_L0947_P-768x819.jpg 768w, https:\/\/prensapresidencialvenezuela.gob.ve\/wp-content\/uploads\/2025\/12\/14_ZC_L0947_P-1441x1536.jpg 1441w, https:\/\/prensapresidencialvenezuela.gob.ve\/wp-content\/uploads\/2025\/12\/14_ZC_L0947_P.jpg 1876w\" sizes=\"(max-width: 961px) 100vw, 961px\" \/><\/figure>\n\n\n\n<p><strong>Recuperaci\u00f3n del Lago de Asfalto<\/strong><\/p>\n\n\n\n<p>El Jefe de Estado enfatiz\u00f3 la relevancia hist\u00f3rica y la calidad superior del Lago de Guanoco, conocido como la reserva natural de asfalto m\u00e1s grande del mundo.<\/p>\n\n\n\n<p>\u201cGuanoco tiene una historia. Ese Lago de Guanoco es el lago m\u00e1s grande del mundo, del mundo entero, en materia de asfalto. Es el asfalto de mayor calidad del mundo\u201d, dijo.<\/p>\n\n\n\n<p>Se\u00f1al\u00f3 que la ambici\u00f3n sobre este recurso fue una de las causas del derrocamiento del General Cipriano Castro a principios del siglo XX, demostrando que la lucha por la soberan\u00eda de los recursos no es nueva.<\/p>\n\n\n\n<p>\u201cPor ese lago de Guanoco y los pozos de petr\u00f3leo descubiertos en 1900, 1902, 1904, es que le dan el golpe de Estado al gran general Cipriano Castro en 1908. Por Guanoco, por ah\u00ed empez\u00f3 el cuento\u201d, record\u00f3.<\/p>\n\n\n\n<p>Finalmente, el Jefe de Estado anunci\u00f3 la exitosa reactivaci\u00f3n del recurso para uso nacional: \u201cPas\u00f3 el tiempo, lo secaron, no lo atendieron bien. Ahorita le metimos una t\u00e9cnica, trajimos la mejor tecnolog\u00eda del mundo, tenemos varios inversionistas internacionales trabajando ah\u00ed, recuperamos el Lago de Guanoco, y ahora el Lago de Guanoco es para asfaltar todas las comunidades de Venezuela. Lago de Guanoco para Venezuela\u201d.<\/p>\n\n\n\n<p><strong>Prensa Presidencial \/ Iliana Rosales<\/strong><\/p>\n","protected":false},"excerpt":{"rendered":"<p>Pinto Salinas, Caracas &#8211; El presidente de la Rep\u00fablica Bolivariana de Venezuela, Nicol\u00e1s Maduro, durante una jornada de trabajo con el Poder Popular en el sector Pinto Salinas, Comuna Socialista Amalivaca, en Caracas, denunci\u00f3 las ambiciones del imperialismo por los recursos venezolanos. El presidente Maduro vincul\u00f3 directamente las agresiones internacionales con la inmensa riqueza natural [&hellip;]<\/p>\n","protected":false},"author":19,"featured_media":30993,"comment_status":"open","ping_status":"open","sticky":false,"template":"","format":"standard","meta":{"footnotes":""},"categories":[18,7],"tags":[1864,19,557,1809,192,27,20],"class_list":["post-30992","post","type-post","status-publish","format-standard","has-post-thumbnail","hentry","category-noticias-principales","category-notas-de-prensa","tag-jueves-de-comuna","tag-nicolas-maduro","tag-paz","tag-poder-comunal","tag-poder-popular","tag-revolucion-bolivariana","tag-venezuela"],"_links":{"self":[{"href":"https:\/\/prensapresidencialvenezuela.gob.ve\/index.php\/wp-json\/wp\/v2\/posts\/30992","targetHints":{"allow":["GET"]}}],"collection":[{"href":"https:\/\/prensapresidencialvenezuela.gob.ve\/index.php\/wp-json\/wp\/v2\/posts"}],"about":[{"href":"https:\/\/prensapresidencialvenezuela.gob.ve\/index.php\/wp-json\/wp\/v2\/types\/post"}],"author":[{"embeddable":true,"href":"https:\/\/prensapresidencialvenezuela.gob.ve\/index.php\/wp-json\/wp\/v2\/users\/19"}],"replies":[{"embeddable":true,"href":"https:\/\/prensapresidencialvenezuela.gob.ve\/index.php\/wp-json\/wp\/v2\/comments?post=30992"}],"version-history":[{"count":1,"href":"https:\/\/prensapresidencialvenezuela.gob.ve\/index.php\/wp-json\/wp\/v2\/posts\/30992\/revisions"}],"predecessor-version":[{"id":30997,"href":"https:\/\/prensapresidencialvenezuela.gob.ve\/index.php\/wp-json\/wp\/v2\/posts\/30992\/revisions\/30997"}],"wp:featuredmedia":[{"embeddable":true,"href":"https:\/\/prensapresidencialvenezuela.gob.ve\/index.php\/wp-json\/wp\/v2\/media\/30993"}],"wp:attachment":[{"href":"https:\/\/prensapresidencialvenezuela.gob.ve\/index.php\/wp-json\/wp\/v2\/media?parent=30992"}],"wp:term":[{"taxonomy":"category","embeddable":true,"href":"https:\/\/prensapresidencialvenezuela.gob.ve\/index.php\/wp-json\/wp\/v2\/categories?post=30992"},{"taxonomy":"post_tag","embeddable":true,"href":"https:\/\/prensapresidencialvenezuela.gob.ve\/index.php\/wp-json\/wp\/v2\/tags?post=30992"}],"curies":[{"name":"wp","href":"https:\/\/api.w.org\/{rel}","templated":true}]}}