{"id":30998,"date":"2025-12-11T19:26:39","date_gmt":"2025-12-11T23:26:39","guid":{"rendered":"https:\/\/prensapresidencialvenezuela.gob.ve\/?p=30998"},"modified":"2025-12-11T19:27:18","modified_gmt":"2025-12-11T23:27:18","slug":"presidente-maduro-llama-a-la-juventud-a-asumir-el-liderazgo-politico-en-las-comunas-del-territorio-nacional","status":"publish","type":"post","link":"https:\/\/prensapresidencialvenezuela.gob.ve\/index.php\/2025\/12\/11\/presidente-maduro-llama-a-la-juventud-a-asumir-el-liderazgo-politico-en-las-comunas-del-territorio-nacional\/","title":{"rendered":"Presidente Maduro llama a la juventud a asumir el liderazgo pol\u00edtico en las Comunas del territorio nacional"},"content":{"rendered":"\n<p><strong>Caracas, Venezuela.-<\/strong> En un mensaje dirigido a la base organizativa del pa\u00eds, el presidente de la Rep\u00fablica Bolivariana de Venezuela, Nicol\u00e1s Maduro Moros, enfatiz\u00f3 la necesidad urgente de formar y empoderar a la juventud en el \u00e1mbito pol\u00edtico y de liderazgo para garantizar el futuro de la Revoluci\u00f3n Bolivariana.<\/p>\n\n\n\n<p>El pronunciamiento se dio durante su visita a la Comuna Socialista Amalivaca, que integra a 24 consejos comunales en la parroquia El Recreo, donde el Jefe de Estado comparti\u00f3 con la comunidad y sus l\u00edderes.<\/p>\n\n\n\n<p>El motivo central del llamado presidencial es asegurar la defensa y la continuidad del Poder Popular. El Mandatario fue enf\u00e1tico en la importancia de que los j\u00f3venes se preparen para dirigir la pol\u00edtica y asumir roles de liderazgo, garantizando de esta forma el relevo generacional en la estructura comunal.<\/p>\n\n\n\n<figure class=\"wp-block-image size-large\"><img fetchpriority=\"high\" decoding=\"async\" width=\"1024\" height=\"962\" src=\"https:\/\/prensapresidencialvenezuela.gob.ve\/wp-content\/uploads\/2025\/12\/26_ZC__6575_P-1024x962.jpg\" alt=\"\" class=\"wp-image-31001\" srcset=\"https:\/\/prensapresidencialvenezuela.gob.ve\/wp-content\/uploads\/2025\/12\/26_ZC__6575_P-1024x962.jpg 1024w, https:\/\/prensapresidencialvenezuela.gob.ve\/wp-content\/uploads\/2025\/12\/26_ZC__6575_P-300x282.jpg 300w, https:\/\/prensapresidencialvenezuela.gob.ve\/wp-content\/uploads\/2025\/12\/26_ZC__6575_P-768x721.jpg 768w, https:\/\/prensapresidencialvenezuela.gob.ve\/wp-content\/uploads\/2025\/12\/26_ZC__6575_P-1536x1442.jpg 1536w, https:\/\/prensapresidencialvenezuela.gob.ve\/wp-content\/uploads\/2025\/12\/26_ZC__6575_P-2048x1923.jpg 2048w\" sizes=\"(max-width: 1024px) 100vw, 1024px\" \/><\/figure>\n\n\n\n<p>Durante el recorrido, el Presidente constat\u00f3 el avance organizativo en la comuna, que ha constituido los equipos promotores de la Comuna Joven. Esta iniciativa busca fomentar la participaci\u00f3n activa de los j\u00f3venes, y aunque inicialmente cuenta con 10 compa\u00f1eros, su objetivo estrat\u00e9gico es expandirse r\u00e1pidamente para conformar un \u00abej\u00e9rcito de j\u00f3venes\u00bb capacitados para la direcci\u00f3n pol\u00edtica.<\/p>\n\n\n\n<p>La directriz del presidente Nicol\u00e1s Maduro es clara, cada consejo comunal debe integrar un equipo de j\u00f3venes. Esta medida est\u00e1 dise\u00f1ada para que las nuevas generaciones aprendan a ser l\u00edderes y adquieran la capacidad de dirigir la pol\u00edtica desde la base. El objetivo primordial es blindar el proceso pol\u00edtico de las comunidades, impidiendo que el poder sea \u00abasaltado\u00bb por \u00e9lites o intereses externos y defendiendo el Poder Popular contra cualquier intento de regresi\u00f3n.<\/p>\n\n\n\n<p>La preparaci\u00f3n pol\u00edtica y el liderazgo juvenil son considerados por el Ejecutivo Nacional como una estrategia vital e irrenunciable para el futuro de la Revoluci\u00f3n y el desarrollo del sistema comunal.<\/p>\n\n\n\n<p><strong>Prensa Presidencial\/ Kaylib Maita<\/strong><\/p>\n","protected":false},"excerpt":{"rendered":"<p>Caracas, Venezuela.- En un mensaje dirigido a la base organizativa del pa\u00eds, el presidente de la Rep\u00fablica Bolivariana de Venezuela, Nicol\u00e1s Maduro Moros, enfatiz\u00f3 la necesidad urgente de formar y empoderar a la juventud en el \u00e1mbito pol\u00edtico y de liderazgo para garantizar el futuro de la Revoluci\u00f3n Bolivariana. El pronunciamiento se dio durante su [&hellip;]<\/p>\n","protected":false},"author":18,"featured_media":30999,"comment_status":"open","ping_status":"open","sticky":false,"template":"","format":"standard","meta":{"footnotes":""},"categories":[18,7],"tags":[1864,19,557,1809,192,27,20],"class_list":["post-30998","post","type-post","status-publish","format-standard","has-post-thumbnail","hentry","category-noticias-principales","category-notas-de-prensa","tag-jueves-de-comuna","tag-nicolas-maduro","tag-paz","tag-poder-comunal","tag-poder-popular","tag-revolucion-bolivariana","tag-venezuela"],"_links":{"self":[{"href":"https:\/\/prensapresidencialvenezuela.gob.ve\/index.php\/wp-json\/wp\/v2\/posts\/30998","targetHints":{"allow":["GET"]}}],"collection":[{"href":"https:\/\/prensapresidencialvenezuela.gob.ve\/index.php\/wp-json\/wp\/v2\/posts"}],"about":[{"href":"https:\/\/prensapresidencialvenezuela.gob.ve\/index.php\/wp-json\/wp\/v2\/types\/post"}],"author":[{"embeddable":true,"href":"https:\/\/prensapresidencialvenezuela.gob.ve\/index.php\/wp-json\/wp\/v2\/users\/18"}],"replies":[{"embeddable":true,"href":"https:\/\/prensapresidencialvenezuela.gob.ve\/index.php\/wp-json\/wp\/v2\/comments?post=30998"}],"version-history":[{"count":1,"href":"https:\/\/prensapresidencialvenezuela.gob.ve\/index.php\/wp-json\/wp\/v2\/posts\/30998\/revisions"}],"predecessor-version":[{"id":31002,"href":"https:\/\/prensapresidencialvenezuela.gob.ve\/index.php\/wp-json\/wp\/v2\/posts\/30998\/revisions\/31002"}],"wp:featuredmedia":[{"embeddable":true,"href":"https:\/\/prensapresidencialvenezuela.gob.ve\/index.php\/wp-json\/wp\/v2\/media\/30999"}],"wp:attachment":[{"href":"https:\/\/prensapresidencialvenezuela.gob.ve\/index.php\/wp-json\/wp\/v2\/media?parent=30998"}],"wp:term":[{"taxonomy":"category","embeddable":true,"href":"https:\/\/prensapresidencialvenezuela.gob.ve\/index.php\/wp-json\/wp\/v2\/categories?post=30998"},{"taxonomy":"post_tag","embeddable":true,"href":"https:\/\/prensapresidencialvenezuela.gob.ve\/index.php\/wp-json\/wp\/v2\/tags?post=30998"}],"curies":[{"name":"wp","href":"https:\/\/api.w.org\/{rel}","templated":true}]}}