{"id":31005,"date":"2025-12-11T19:31:17","date_gmt":"2025-12-11T23:31:17","guid":{"rendered":"https:\/\/prensapresidencialvenezuela.gob.ve\/?p=31005"},"modified":"2025-12-11T19:31:18","modified_gmt":"2025-12-11T23:31:18","slug":"aprobada-la-creacion-de-una-concha-acustica-para-pinto-salinas","status":"publish","type":"post","link":"https:\/\/prensapresidencialvenezuela.gob.ve\/index.php\/2025\/12\/11\/aprobada-la-creacion-de-una-concha-acustica-para-pinto-salinas\/","title":{"rendered":"Aprobada la creaci\u00f3n de una concha ac\u00fastica para Pinto Salinas"},"content":{"rendered":"\n<p><strong>Caracas, Venezuela.-<\/strong> Desde la Comuna Socialista Amalivaca, ubicada en la parroquia El Recreo, el presidente de la Rep\u00fablica Bolivariana de Venezuela, Nicol\u00e1s Maduro Moros, aprob\u00f3 la creaci\u00f3n de la concha ac\u00fastica de la comunidad de Pinto Salinas.<\/p>\n\n\n\n<p>Acompa\u00f1ado de la Primera Dama, Cilia Flores; del Jefe de Gobierno de Caracas, Nah\u00fam Fern\u00e1ndez; de la alcaldesa de Caracas, Almirante Carmen Mel\u00e9ndez, entre otras autoridades de su gabinete, el Jefe de Estado manifest\u00f3 que tiene un profundo inter\u00e9s en construir m\u00e1s y nuevos espacios para el arte y la cultura del pueblo venezolano.<\/p>\n\n\n\n<figure class=\"wp-block-gallery has-nested-images columns-default is-cropped wp-block-gallery-1 is-layout-flex wp-block-gallery-is-layout-flex\">\n<figure class=\"wp-block-image size-large\"><img fetchpriority=\"high\" decoding=\"async\" width=\"1024\" height=\"706\" data-id=\"31007\" src=\"https:\/\/prensapresidencialvenezuela.gob.ve\/wp-content\/uploads\/2025\/12\/45EG__4342_P-1024x706.jpg\" alt=\"\" class=\"wp-image-31007\" srcset=\"https:\/\/prensapresidencialvenezuela.gob.ve\/wp-content\/uploads\/2025\/12\/45EG__4342_P-1024x706.jpg 1024w, https:\/\/prensapresidencialvenezuela.gob.ve\/wp-content\/uploads\/2025\/12\/45EG__4342_P-300x207.jpg 300w, https:\/\/prensapresidencialvenezuela.gob.ve\/wp-content\/uploads\/2025\/12\/45EG__4342_P-768x529.jpg 768w, https:\/\/prensapresidencialvenezuela.gob.ve\/wp-content\/uploads\/2025\/12\/45EG__4342_P-1536x1059.jpg 1536w, https:\/\/prensapresidencialvenezuela.gob.ve\/wp-content\/uploads\/2025\/12\/45EG__4342_P-2048x1411.jpg 2048w\" sizes=\"(max-width: 1024px) 100vw, 1024px\" \/><\/figure>\n<\/figure>\n\n\n\n<p>\u00abUna concha ac\u00fastica, eso es uno de mis sue\u00f1os, llenar de conchas ac\u00fasticas todo el pa\u00eds para que sean un epicentro de la m\u00fasica, el teatro, la representaci\u00f3n cultural. As\u00ed que este espacio vamos a analizarlo, vamos a verlo y muy pronto la Comuna Amalivaca tendr\u00e1 su concha ac\u00fastica, porque est\u00e1 aprobada\u00bb, fueron las palabras del Mandatario Nacional durante un recorrido realizado en la barriada caraque\u00f1a en su \u00abJueves de Comuna\u00bb y en las que confirm\u00f3 la materializaci\u00f3n del proyecto.<\/p>\n\n\n\n<p>Esta comuna est\u00e1 conformada por 24 Consejos Comunales para la atenci\u00f3n de 6 mil 571 familias y m\u00e1s de 15 mil 950 habitantes. En organizaci\u00f3n perfecta, han logrado la ejecuci\u00f3n de importantes proyectos, a trav\u00e9s de las Consultas Populares, en los que se destacan la rehabilitaci\u00f3n de la Casa Comunal, la sustituci\u00f3n de tuber\u00eda matriz de agua potable en el sector, la modernizaci\u00f3n y reparaci\u00f3n de ascensores; as\u00ed como tambi\u00e9n la rehabilitaci\u00f3n de techos, sustituci\u00f3n de cilindros de gas dom\u00e9stico y creaci\u00f3n de la cancha deportiva.<\/p>\n\n\n\n<p><strong>Prensa Presidencial\/Claudia Guerra M\u00e9ndez<\/strong><\/p>\n","protected":false},"excerpt":{"rendered":"<p>Caracas, Venezuela.- Desde la Comuna Socialista Amalivaca, ubicada en la parroquia El Recreo, el presidente de la Rep\u00fablica Bolivariana de Venezuela, Nicol\u00e1s Maduro Moros, aprob\u00f3 la creaci\u00f3n de la concha ac\u00fastica de la comunidad de Pinto Salinas. Acompa\u00f1ado de la Primera Dama, Cilia Flores; del Jefe de Gobierno de Caracas, Nah\u00fam Fern\u00e1ndez; de la alcaldesa [&hellip;]<\/p>\n","protected":false},"author":18,"featured_media":31006,"comment_status":"open","ping_status":"open","sticky":false,"template":"","format":"standard","meta":{"footnotes":""},"categories":[18,7],"tags":[1864,19,1809,192,27,20],"class_list":["post-31005","post","type-post","status-publish","format-standard","has-post-thumbnail","hentry","category-noticias-principales","category-notas-de-prensa","tag-jueves-de-comuna","tag-nicolas-maduro","tag-poder-comunal","tag-poder-popular","tag-revolucion-bolivariana","tag-venezuela"],"_links":{"self":[{"href":"https:\/\/prensapresidencialvenezuela.gob.ve\/index.php\/wp-json\/wp\/v2\/posts\/31005","targetHints":{"allow":["GET"]}}],"collection":[{"href":"https:\/\/prensapresidencialvenezuela.gob.ve\/index.php\/wp-json\/wp\/v2\/posts"}],"about":[{"href":"https:\/\/prensapresidencialvenezuela.gob.ve\/index.php\/wp-json\/wp\/v2\/types\/post"}],"author":[{"embeddable":true,"href":"https:\/\/prensapresidencialvenezuela.gob.ve\/index.php\/wp-json\/wp\/v2\/users\/18"}],"replies":[{"embeddable":true,"href":"https:\/\/prensapresidencialvenezuela.gob.ve\/index.php\/wp-json\/wp\/v2\/comments?post=31005"}],"version-history":[{"count":1,"href":"https:\/\/prensapresidencialvenezuela.gob.ve\/index.php\/wp-json\/wp\/v2\/posts\/31005\/revisions"}],"predecessor-version":[{"id":31008,"href":"https:\/\/prensapresidencialvenezuela.gob.ve\/index.php\/wp-json\/wp\/v2\/posts\/31005\/revisions\/31008"}],"wp:featuredmedia":[{"embeddable":true,"href":"https:\/\/prensapresidencialvenezuela.gob.ve\/index.php\/wp-json\/wp\/v2\/media\/31006"}],"wp:attachment":[{"href":"https:\/\/prensapresidencialvenezuela.gob.ve\/index.php\/wp-json\/wp\/v2\/media?parent=31005"}],"wp:term":[{"taxonomy":"category","embeddable":true,"href":"https:\/\/prensapresidencialvenezuela.gob.ve\/index.php\/wp-json\/wp\/v2\/categories?post=31005"},{"taxonomy":"post_tag","embeddable":true,"href":"https:\/\/prensapresidencialvenezuela.gob.ve\/index.php\/wp-json\/wp\/v2\/tags?post=31005"}],"curies":[{"name":"wp","href":"https:\/\/api.w.org\/{rel}","templated":true}]}}