{"id":31009,"date":"2025-12-11T19:33:41","date_gmt":"2025-12-11T23:33:41","guid":{"rendered":"https:\/\/prensapresidencialvenezuela.gob.ve\/?p=31009"},"modified":"2025-12-11T19:36:57","modified_gmt":"2025-12-11T23:36:57","slug":"presidente-putin-reconoce-la-valentia-del-pueblo-de-venezuela-y-del-presidente-maduro-en-la-defensa-de-la-soberania","status":"publish","type":"post","link":"https:\/\/prensapresidencialvenezuela.gob.ve\/index.php\/2025\/12\/11\/presidente-putin-reconoce-la-valentia-del-pueblo-de-venezuela-y-del-presidente-maduro-en-la-defensa-de-la-soberania\/","title":{"rendered":"Presidente Put\u00edn reconoce la valent\u00eda del pueblo de Venezuela y del Presidente Maduro en la defensa de la soberan\u00eda"},"content":{"rendered":"\n<p><strong>Pinto Salinas, Caracas.-<\/strong> Desde el \u00abJueves de Comuna\u00bb, llevado a cabo en la comunidad de Pinto Salinas, del municipio Libertador, el presidente Nicol\u00e1s Maduro confirm\u00f3 que sostuvo una llamada telef\u00f3nica con el presidente de Rusia, Vladimir Putin, en la que fue reconocida su valent\u00eda ante las amenazas imperialistas.<\/p>\n\n\n\n<p>\u00abHoy recib\u00ed una llamada en ruso. Tuve una larga conversaci\u00f3n con nuestro hermano mayor, amigo, valiente; el presidente Vladimir Putin de Rusia. Quien me pidi\u00f3 que le transmitiera al pueblo de Venezuela, me lo dijo as\u00ed: (\u2026) quiero expresarte mi admiraci\u00f3n por el ejemplo de valent\u00eda del pueblo de Venezuela, frente a las circunstancias que le ha tocado vivir. Y quiero que sepas que nosotros apoyamos de manera invariable al proceso venezolano, al presidente Maduro y a los esfuerzos de ustedes por defender su soberan\u00eda nacional y la paz de toda la regi\u00f3n suramericana\u00bb, describi\u00f3 el Jefe de Estado venezolano sobre la conversaci\u00f3n sostenida.<\/p>\n\n\n\n<figure class=\"wp-block-image size-large\"><img fetchpriority=\"high\" decoding=\"async\" width=\"961\" height=\"1024\" src=\"https:\/\/prensapresidencialvenezuela.gob.ve\/wp-content\/uploads\/2025\/12\/14_ZC_L0947_P-1-961x1024.jpg\" alt=\"\" class=\"wp-image-31013\" srcset=\"https:\/\/prensapresidencialvenezuela.gob.ve\/wp-content\/uploads\/2025\/12\/14_ZC_L0947_P-1-961x1024.jpg 961w, https:\/\/prensapresidencialvenezuela.gob.ve\/wp-content\/uploads\/2025\/12\/14_ZC_L0947_P-1-281x300.jpg 281w, https:\/\/prensapresidencialvenezuela.gob.ve\/wp-content\/uploads\/2025\/12\/14_ZC_L0947_P-1-768x819.jpg 768w, https:\/\/prensapresidencialvenezuela.gob.ve\/wp-content\/uploads\/2025\/12\/14_ZC_L0947_P-1-1441x1536.jpg 1441w, https:\/\/prensapresidencialvenezuela.gob.ve\/wp-content\/uploads\/2025\/12\/14_ZC_L0947_P-1.jpg 1876w\" sizes=\"(max-width: 961px) 100vw, 961px\" \/><\/figure>\n\n\n\n<p>Ante los representantes de la Comuna Socialista Amalivaca y de los 40 delegados y delegadas de los pa\u00edses Argelia, Burkina Faso, Egipto, Canad\u00e1, Estados Unidos de Am\u00e9rica, Argentina, Bolivia, Brasil, Chile, Colombia, Costa Rica, Cuba, Ecuador, El Salvador, Guatemala, Honduras, M\u00e9xico, Panam\u00e1, Paraguay, Per\u00fa, Rep\u00fablica Dominicana, Uruguay, Kazajist\u00e1n, L\u00edbano, Vietnam, Antigua y Barbuda, Barbados, Dominica, Hait\u00ed, Martinica, San Vicente de las Granadinas, Surinam, Trinidad y Tobago, Espa\u00f1a, Francia, Isla Canarias, Italia, Reino Unido, Rusia y Suecia, participantes en la Asamblea de los Pueblos por la Soberan\u00eda y la Paz en Nuestra Am\u00e9rica y presentes en el encuentro comunitario, el Mandatario nacional agradeci\u00f3 el apoyo internacional recibido.<\/p>\n\n\n\n<p>El presidente Maduro detall\u00f3 que ambos mandatarios sostuvieron una conversaci\u00f3n extensa; ya que hace d\u00edas atr\u00e1s, entre Rusia y Venezuela se firmaron 19 nuevos proyectos de cooperaci\u00f3n en el campo de la ciencia, la tecnolog\u00eda, la salud, la agricultura, la industria, la energ\u00eda, entre otros \u00e1mbitos de acci\u00f3n.<\/p>\n\n\n\n<p><strong>Prensa Presidencial\/Claudia Guerra M\u00e9ndez<\/strong><\/p>\n","protected":false},"excerpt":{"rendered":"<p>Pinto Salinas, Caracas.- Desde el \u00abJueves de Comuna\u00bb, llevado a cabo en la comunidad de Pinto Salinas, del municipio Libertador, el presidente Nicol\u00e1s Maduro confirm\u00f3 que sostuvo una llamada telef\u00f3nica con el presidente de Rusia, Vladimir Putin, en la que fue reconocida su valent\u00eda ante las amenazas imperialistas. \u00abHoy recib\u00ed una llamada en ruso. Tuve [&hellip;]<\/p>\n","protected":false},"author":18,"featured_media":31011,"comment_status":"open","ping_status":"open","sticky":false,"template":"","format":"standard","meta":{"footnotes":""},"categories":[18,7],"tags":[1864,19,557,1809,192,27,113,20],"class_list":["post-31009","post","type-post","status-publish","format-standard","has-post-thumbnail","hentry","category-noticias-principales","category-notas-de-prensa","tag-jueves-de-comuna","tag-nicolas-maduro","tag-paz","tag-poder-comunal","tag-poder-popular","tag-revolucion-bolivariana","tag-rusia","tag-venezuela"],"_links":{"self":[{"href":"https:\/\/prensapresidencialvenezuela.gob.ve\/index.php\/wp-json\/wp\/v2\/posts\/31009","targetHints":{"allow":["GET"]}}],"collection":[{"href":"https:\/\/prensapresidencialvenezuela.gob.ve\/index.php\/wp-json\/wp\/v2\/posts"}],"about":[{"href":"https:\/\/prensapresidencialvenezuela.gob.ve\/index.php\/wp-json\/wp\/v2\/types\/post"}],"author":[{"embeddable":true,"href":"https:\/\/prensapresidencialvenezuela.gob.ve\/index.php\/wp-json\/wp\/v2\/users\/18"}],"replies":[{"embeddable":true,"href":"https:\/\/prensapresidencialvenezuela.gob.ve\/index.php\/wp-json\/wp\/v2\/comments?post=31009"}],"version-history":[{"count":1,"href":"https:\/\/prensapresidencialvenezuela.gob.ve\/index.php\/wp-json\/wp\/v2\/posts\/31009\/revisions"}],"predecessor-version":[{"id":31014,"href":"https:\/\/prensapresidencialvenezuela.gob.ve\/index.php\/wp-json\/wp\/v2\/posts\/31009\/revisions\/31014"}],"wp:featuredmedia":[{"embeddable":true,"href":"https:\/\/prensapresidencialvenezuela.gob.ve\/index.php\/wp-json\/wp\/v2\/media\/31011"}],"wp:attachment":[{"href":"https:\/\/prensapresidencialvenezuela.gob.ve\/index.php\/wp-json\/wp\/v2\/media?parent=31009"}],"wp:term":[{"taxonomy":"category","embeddable":true,"href":"https:\/\/prensapresidencialvenezuela.gob.ve\/index.php\/wp-json\/wp\/v2\/categories?post=31009"},{"taxonomy":"post_tag","embeddable":true,"href":"https:\/\/prensapresidencialvenezuela.gob.ve\/index.php\/wp-json\/wp\/v2\/tags?post=31009"}],"curies":[{"name":"wp","href":"https:\/\/api.w.org\/{rel}","templated":true}]}}