{"id":31016,"date":"2025-12-11T19:36:30","date_gmt":"2025-12-11T23:36:30","guid":{"rendered":"https:\/\/prensapresidencialvenezuela.gob.ve\/?p=31016"},"modified":"2025-12-11T19:36:30","modified_gmt":"2025-12-11T23:36:30","slug":"comision-intergubernamental-de-alto-nivel-rusia-venezuela-se-celebrara-en-el-caracas-el-proximo-ano","status":"publish","type":"post","link":"https:\/\/prensapresidencialvenezuela.gob.ve\/index.php\/2025\/12\/11\/comision-intergubernamental-de-alto-nivel-rusia-venezuela-se-celebrara-en-el-caracas-el-proximo-ano\/","title":{"rendered":"Comisi\u00f3n Intergubernamental de Alto Nivel Rusia-Venezuela se celebrar\u00e1 en el Caracas el pr\u00f3ximo a\u00f1o"},"content":{"rendered":"\n<p><strong>Pinto Salinas, Caracas.-<\/strong> El presidente de la Rep\u00fablica Bolivariana de Venezuela, Nicol\u00e1s Maduro Moros, anunci\u00f3 que el pr\u00f3ximo a\u00f1o se llevar\u00e1 a cabo, en Caracas, la reuni\u00f3n de la Comisi\u00f3n Intergubernamental de Alto Nivel Rusia-Venezuela.<\/p>\n\n\n\n<p>Haciendo un recuento de la conversaci\u00f3n telef\u00f3nica sostenida este jueves con el Presidente de Rusia, Vladimir Putin, el Jefe de Estado venezolano anunci\u00f3 y ratific\u00f3 que este encuentro se realizar\u00e1 en el marco de la celebraci\u00f3n de los 20 a\u00f1os de creaci\u00f3n de la Comisi\u00f3n Mixta Rusia-Venezuela.<\/p>\n\n\n\n<figure class=\"wp-block-image size-large\"><img fetchpriority=\"high\" decoding=\"async\" width=\"1024\" height=\"827\" src=\"https:\/\/prensapresidencialvenezuela.gob.ve\/wp-content\/uploads\/2025\/12\/40_ZC__6844_P-1024x827.jpg\" alt=\"\" class=\"wp-image-31021\" srcset=\"https:\/\/prensapresidencialvenezuela.gob.ve\/wp-content\/uploads\/2025\/12\/40_ZC__6844_P-1024x827.jpg 1024w, https:\/\/prensapresidencialvenezuela.gob.ve\/wp-content\/uploads\/2025\/12\/40_ZC__6844_P-300x242.jpg 300w, https:\/\/prensapresidencialvenezuela.gob.ve\/wp-content\/uploads\/2025\/12\/40_ZC__6844_P-768x620.jpg 768w, https:\/\/prensapresidencialvenezuela.gob.ve\/wp-content\/uploads\/2025\/12\/40_ZC__6844_P-1536x1240.jpg 1536w, https:\/\/prensapresidencialvenezuela.gob.ve\/wp-content\/uploads\/2025\/12\/40_ZC__6844_P-2048x1654.jpg 2048w\" sizes=\"(max-width: 1024px) 100vw, 1024px\" \/><\/figure>\n\n\n\n<p>\u00abNo es uno, ni dos. No es dos, ni es tres. Ya son m\u00e1s de 200 a\u00f1os desde que Francisco de Miranda le dio su abrazo a la Emperatriz Catalina de Rusia, que unieron los pueblos de Rusia y Venezuela en un solo camino\u00bb, enfatiz\u00f3 el Dignatario Nacional para rememorar los lazos hist\u00f3ricos que unen a ambas naciones.<\/p>\n\n\n\n<p>En este contexto, el Presidente Maduro tambi\u00e9n record\u00f3 c\u00f3mo el Comandante Ch\u00e1vez logr\u00f3 estrechar la relaci\u00f3n diplom\u00e1tica, hace 25 a\u00f1os, la cual mantiene a los dos pa\u00edses m\u00e1s unidos que nunca.<\/p>\n\n\n\n<p><strong>Prensa Presidencial\/Claudia Guerra M\u00e9ndez<\/strong><\/p>\n","protected":false},"excerpt":{"rendered":"<p>Pinto Salinas, Caracas.- El presidente de la Rep\u00fablica Bolivariana de Venezuela, Nicol\u00e1s Maduro Moros, anunci\u00f3 que el pr\u00f3ximo a\u00f1o se llevar\u00e1 a cabo, en Caracas, la reuni\u00f3n de la Comisi\u00f3n Intergubernamental de Alto Nivel Rusia-Venezuela. Haciendo un recuento de la conversaci\u00f3n telef\u00f3nica sostenida este jueves con el Presidente de Rusia, Vladimir Putin, el Jefe de [&hellip;]<\/p>\n","protected":false},"author":18,"featured_media":31018,"comment_status":"open","ping_status":"open","sticky":false,"template":"","format":"standard","meta":{"footnotes":""},"categories":[18,7],"tags":[19,557,1809,192,27,113,20],"class_list":["post-31016","post","type-post","status-publish","format-standard","has-post-thumbnail","hentry","category-noticias-principales","category-notas-de-prensa","tag-nicolas-maduro","tag-paz","tag-poder-comunal","tag-poder-popular","tag-revolucion-bolivariana","tag-rusia","tag-venezuela"],"_links":{"self":[{"href":"https:\/\/prensapresidencialvenezuela.gob.ve\/index.php\/wp-json\/wp\/v2\/posts\/31016","targetHints":{"allow":["GET"]}}],"collection":[{"href":"https:\/\/prensapresidencialvenezuela.gob.ve\/index.php\/wp-json\/wp\/v2\/posts"}],"about":[{"href":"https:\/\/prensapresidencialvenezuela.gob.ve\/index.php\/wp-json\/wp\/v2\/types\/post"}],"author":[{"embeddable":true,"href":"https:\/\/prensapresidencialvenezuela.gob.ve\/index.php\/wp-json\/wp\/v2\/users\/18"}],"replies":[{"embeddable":true,"href":"https:\/\/prensapresidencialvenezuela.gob.ve\/index.php\/wp-json\/wp\/v2\/comments?post=31016"}],"version-history":[{"count":1,"href":"https:\/\/prensapresidencialvenezuela.gob.ve\/index.php\/wp-json\/wp\/v2\/posts\/31016\/revisions"}],"predecessor-version":[{"id":31022,"href":"https:\/\/prensapresidencialvenezuela.gob.ve\/index.php\/wp-json\/wp\/v2\/posts\/31016\/revisions\/31022"}],"wp:featuredmedia":[{"embeddable":true,"href":"https:\/\/prensapresidencialvenezuela.gob.ve\/index.php\/wp-json\/wp\/v2\/media\/31018"}],"wp:attachment":[{"href":"https:\/\/prensapresidencialvenezuela.gob.ve\/index.php\/wp-json\/wp\/v2\/media?parent=31016"}],"wp:term":[{"taxonomy":"category","embeddable":true,"href":"https:\/\/prensapresidencialvenezuela.gob.ve\/index.php\/wp-json\/wp\/v2\/categories?post=31016"},{"taxonomy":"post_tag","embeddable":true,"href":"https:\/\/prensapresidencialvenezuela.gob.ve\/index.php\/wp-json\/wp\/v2\/tags?post=31016"}],"curies":[{"name":"wp","href":"https:\/\/api.w.org\/{rel}","templated":true}]}}