{"id":31023,"date":"2025-12-11T19:40:45","date_gmt":"2025-12-11T23:40:45","guid":{"rendered":"https:\/\/prensapresidencialvenezuela.gob.ve\/?p=31023"},"modified":"2025-12-11T19:40:45","modified_gmt":"2025-12-11T23:40:45","slug":"presidente-maduro-llama-a-la-unidad-de-los-pueblos-para-detener-el-belicismo-y-forjar-la-amistad-con-ee-uu","status":"publish","type":"post","link":"https:\/\/prensapresidencialvenezuela.gob.ve\/index.php\/2025\/12\/11\/presidente-maduro-llama-a-la-unidad-de-los-pueblos-para-detener-el-belicismo-y-forjar-la-amistad-con-ee-uu\/","title":{"rendered":"Presidente Maduro llama a la unidad de los pueblos para detener el belicismo y forjar la amistad con EE.UU."},"content":{"rendered":"\n<p><strong>Pinto Salinas, Caracas.-<\/strong> El presidente de la Rep\u00fablica Bolivariana de Venezuela, Nicol\u00e1s Maduro Moros, dio un saludo y bienvenida especial a la Asamblea de los Pueblos por la Soberan\u00eda y la Paz de Nuestra Am\u00e9rica, que congrega a m\u00e1s de 500 l\u00edderes y lideresas de 40 pa\u00edses en Caracas.<\/p>\n\n\n\n<p>El acto cont\u00f3 con la presencia de la Primera Combatiente Cilia Flores y el canciller Yv\u00e1n Gil. Entre los invitados especiales se encuentra Banca Eekhout, presidenta de la Fundaci\u00f3n Sim\u00f3n Bol\u00edvar para la Paz y Solidaridad; Tania D\u00edaz vicepresidenta de Asuntos Internacionales del Partido Socialista Unido de Venezuela (PSUV), el h\u00e9roe cubano Fernando Gonz\u00e1lez, Abel Prieto, presidente de la Casa de las Am\u00e9ricas, as\u00ed como representantes de organizaciones estadounidenses como, Camino al Socialismo y Libertad de los Estados Unidos de Norteam\u00e9rica; Coordinaci\u00f3n de la Coalici\u00f3n Internacional para Detener el Genocidio en Palestina, y del Partido por el Socialismo y la Liberaci\u00f3n de EE.UU.<\/p>\n\n\n\n<figure class=\"wp-block-image size-large\"><img fetchpriority=\"high\" decoding=\"async\" width=\"1024\" height=\"937\" src=\"https:\/\/prensapresidencialvenezuela.gob.ve\/wp-content\/uploads\/2025\/12\/16EG__6566_P-1024x937.jpg\" alt=\"\" class=\"wp-image-31025\" srcset=\"https:\/\/prensapresidencialvenezuela.gob.ve\/wp-content\/uploads\/2025\/12\/16EG__6566_P-1024x937.jpg 1024w, https:\/\/prensapresidencialvenezuela.gob.ve\/wp-content\/uploads\/2025\/12\/16EG__6566_P-300x275.jpg 300w, https:\/\/prensapresidencialvenezuela.gob.ve\/wp-content\/uploads\/2025\/12\/16EG__6566_P-768x703.jpg 768w, https:\/\/prensapresidencialvenezuela.gob.ve\/wp-content\/uploads\/2025\/12\/16EG__6566_P-1536x1406.jpg 1536w, https:\/\/prensapresidencialvenezuela.gob.ve\/wp-content\/uploads\/2025\/12\/16EG__6566_P-2048x1875.jpg 2048w\" sizes=\"(max-width: 1024px) 100vw, 1024px\" \/><\/figure>\n\n\n\n<p>El Mandatario destac\u00f3 que la regi\u00f3n est\u00e1 viviendo \u00abhoras estelares\u00bb en la defensa del derecho a existir, de la historia gloriosa de la patria y de la tierra. Reafirm\u00f3 la determinaci\u00f3n de su gobierno de \u00abganar todos los d\u00edas en esta tremenda batalla la paz perpetua que so\u00f1\u00f3 Bol\u00edvar en nuestra patria venezolana\u00bb.<\/p>\n\n\n\n<p>El presidente Maduro argument\u00f3 que el destino de Estados Unidos y Venezuela debe ser la amistad y la paz, dada su ubicaci\u00f3n continental. Diferenci\u00f3 la Revoluci\u00f3n Americana del Norte (anticolonial) de la Gran Revoluci\u00f3n Americana del Sur, que fue antiesclavista, republicana, igualitaria, democr\u00e1tica y anticolonialista. Enfatiz\u00f3 que el destino com\u00fan debe ser el respeto y la cooperaci\u00f3n entre naciones.<\/p>\n\n\n\n<p>El Jefe de Estado hizo un llamado urgente al pueblo estadounidense para que \u00abamarre las manos\u00bb a los sectores extremistas, supremacistas y guerreristas que buscan arrastrar a la juventud de EE. UU. a una nueva \u00abguerra eterna\u00bb, ahora en Suram\u00e9rica.<\/p>\n\n\n\n<p>\u00abEl pueblo de los Estados Unidos, el pueblo de Venezuela y los pueblos de nuestra Am\u00e9rica tenemos que unirnos para ganar la paz\u00bb afirm\u00f3. Se\u00f1al\u00f3 que este sentir es amplio, indicando que el 70% de la opini\u00f3n p\u00fablica estadounidense se opone a la escalada militarista y las agresiones contra Venezuela.<\/p>\n\n\n\n<p><strong>Prensa Presidencial \/ Kaylib Maita<\/strong><\/p>\n","protected":false},"excerpt":{"rendered":"<p>Pinto Salinas, Caracas.- El presidente de la Rep\u00fablica Bolivariana de Venezuela, Nicol\u00e1s Maduro Moros, dio un saludo y bienvenida especial a la Asamblea de los Pueblos por la Soberan\u00eda y la Paz de Nuestra Am\u00e9rica, que congrega a m\u00e1s de 500 l\u00edderes y lideresas de 40 pa\u00edses en Caracas. El acto cont\u00f3 con la presencia [&hellip;]<\/p>\n","protected":false},"author":18,"featured_media":31027,"comment_status":"open","ping_status":"open","sticky":false,"template":"","format":"standard","meta":{"footnotes":""},"categories":[18,7],"tags":[1725,19,557,1809,192,27,20],"class_list":["post-31023","post","type-post","status-publish","format-standard","has-post-thumbnail","hentry","category-noticias-principales","category-notas-de-prensa","tag-antiimperialista","tag-nicolas-maduro","tag-paz","tag-poder-comunal","tag-poder-popular","tag-revolucion-bolivariana","tag-venezuela"],"_links":{"self":[{"href":"https:\/\/prensapresidencialvenezuela.gob.ve\/index.php\/wp-json\/wp\/v2\/posts\/31023","targetHints":{"allow":["GET"]}}],"collection":[{"href":"https:\/\/prensapresidencialvenezuela.gob.ve\/index.php\/wp-json\/wp\/v2\/posts"}],"about":[{"href":"https:\/\/prensapresidencialvenezuela.gob.ve\/index.php\/wp-json\/wp\/v2\/types\/post"}],"author":[{"embeddable":true,"href":"https:\/\/prensapresidencialvenezuela.gob.ve\/index.php\/wp-json\/wp\/v2\/users\/18"}],"replies":[{"embeddable":true,"href":"https:\/\/prensapresidencialvenezuela.gob.ve\/index.php\/wp-json\/wp\/v2\/comments?post=31023"}],"version-history":[{"count":1,"href":"https:\/\/prensapresidencialvenezuela.gob.ve\/index.php\/wp-json\/wp\/v2\/posts\/31023\/revisions"}],"predecessor-version":[{"id":31028,"href":"https:\/\/prensapresidencialvenezuela.gob.ve\/index.php\/wp-json\/wp\/v2\/posts\/31023\/revisions\/31028"}],"wp:featuredmedia":[{"embeddable":true,"href":"https:\/\/prensapresidencialvenezuela.gob.ve\/index.php\/wp-json\/wp\/v2\/media\/31027"}],"wp:attachment":[{"href":"https:\/\/prensapresidencialvenezuela.gob.ve\/index.php\/wp-json\/wp\/v2\/media?parent=31023"}],"wp:term":[{"taxonomy":"category","embeddable":true,"href":"https:\/\/prensapresidencialvenezuela.gob.ve\/index.php\/wp-json\/wp\/v2\/categories?post=31023"},{"taxonomy":"post_tag","embeddable":true,"href":"https:\/\/prensapresidencialvenezuela.gob.ve\/index.php\/wp-json\/wp\/v2\/tags?post=31023"}],"curies":[{"name":"wp","href":"https:\/\/api.w.org\/{rel}","templated":true}]}}