{"id":31030,"date":"2025-12-11T19:44:19","date_gmt":"2025-12-11T23:44:19","guid":{"rendered":"https:\/\/prensapresidencialvenezuela.gob.ve\/?p=31030"},"modified":"2025-12-11T21:34:09","modified_gmt":"2025-12-12T01:34:09","slug":"revelada-red-de-trata-criminal-que-la-extrema-derecha-uso-para-exportar-delincuentes-al-norte-imperialista","status":"publish","type":"post","link":"https:\/\/prensapresidencialvenezuela.gob.ve\/index.php\/2025\/12\/11\/revelada-red-de-trata-criminal-que-la-extrema-derecha-uso-para-exportar-delincuentes-al-norte-imperialista\/","title":{"rendered":"Revelada red de trata criminal que la extrema derecha us\u00f3 para exportar delincuentes al Norte imperialista"},"content":{"rendered":"\n<p><strong>Pinto Salinas, Caracas.-<\/strong> El presidente de la Rep\u00fablica Bolivariana de Venezuela, Nicol\u00e1s Maduro, desminti\u00f3 este jueves categ\u00f3ricamente una serie de \u00abfake news\u00bb difundidos contra Venezuela, especialmente desde Estados Unidos (EE.UU.), al tiempo que denunci\u00f3 la existencia de una red de trata de personas, liderada por la extrema oposici\u00f3n, que habr\u00eda trasladado delincuentes hacia el exterior.<\/p>\n\n\n\n<p>El Mandatario Nacional defendi\u00f3 la pol\u00edtica de seguridad y el sistema de salud mental del pa\u00eds, asegurando que Venezuela avanza hacia un sistema penitenciario ejemplar. \u201cLa cantidad de mentiras que inventan\u2026 En Venezuela no hay manicomios. Hay 4 importantes psiqui\u00e1tricos que tienen una t\u00e9cnica psiqui\u00e1trica de atenci\u00f3n a puertas abiertas y las personas con problemas de salud mental tienen atenci\u00f3n en el sitio, terapias y en su casa\u201d, dijo.<\/p>\n\n\n\n<figure class=\"wp-block-image size-large\"><img fetchpriority=\"high\" decoding=\"async\" width=\"1024\" height=\"725\" src=\"https:\/\/prensapresidencialvenezuela.gob.ve\/wp-content\/uploads\/2025\/12\/14EG__6550_P-1024x725.jpg\" alt=\"\" class=\"wp-image-31032\" srcset=\"https:\/\/prensapresidencialvenezuela.gob.ve\/wp-content\/uploads\/2025\/12\/14EG__6550_P-1024x725.jpg 1024w, https:\/\/prensapresidencialvenezuela.gob.ve\/wp-content\/uploads\/2025\/12\/14EG__6550_P-300x212.jpg 300w, https:\/\/prensapresidencialvenezuela.gob.ve\/wp-content\/uploads\/2025\/12\/14EG__6550_P-768x544.jpg 768w, https:\/\/prensapresidencialvenezuela.gob.ve\/wp-content\/uploads\/2025\/12\/14EG__6550_P-1536x1087.jpg 1536w, https:\/\/prensapresidencialvenezuela.gob.ve\/wp-content\/uploads\/2025\/12\/14EG__6550_P-2048x1450.jpg 2048w\" sizes=\"(max-width: 1024px) 100vw, 1024px\" \/><\/figure>\n\n\n\n<p>Estas declaraciones surgen luego que su hom\u00f3logo estadounidense, Donald Trump, acus\u00f3 a Venezuela de ser presuntamente responsable del agravamiento de los problemas sociales en la Naci\u00f3n norteamericana. En tal sentido, dijo que el pa\u00eds caribe\u00f1o hab\u00eda vaciado sus \u201cmanicomios\u201d en EE.UU., algo que neg\u00f3 rotundamente el jefe de Estado venezolano.<\/p>\n\n\n\n<p>El presidente Maduro se dirigi\u00f3 directamente a quienes difunden esta informaci\u00f3n: \u201cEn Venezuela no hay manicomios, deben saberlo ustedes estadounidenses\u2026 De verdad que es una historia irreal y es un \u201cfake news\u201d.<\/p>\n\n\n\n<p><strong>Denuncia de red de trata de personas con fines delictivos<\/strong><\/p>\n\n\n\n<p>Acus\u00f3 a la oposici\u00f3n extremista de haber orquestado el traslado de delincuentes al exterior. \u201c\u00bfQui\u00e9n se llev\u00f3, aparte de algunos delincuentes, al norte de EE.UU.? Se los llevaron los propios aliados de quienes gobiernan hoy. Tenemos la prueba\u2026 de c\u00f3mo Juan Guaid\u00f3, David Smolansky, Carlos Vecchio, Leopoldo L\u00f3pez, Mar\u00eda Machado y, otro grupo, crearon una red de trata de personas\u201d, sostuvo.<\/p>\n\n\n\n<p>Asegur\u00f3 que esta red utiliz\u00f3 El Dari\u00e9n para llevar a Estados Unidos a un grupo de delincuentes que hab\u00edan sido derrotados en Venezuela, incluyendo miembros del Tren de Aragua. \u201cEn esa red de trata de personas se llevaron por el Dari\u00e9n hacia EE.UU. a un grupo reconocido de delincuentes que en Venezuela fueron derrotados, porque en Venezuela nosotros derrotamos a ese grupo del Tren de Aragua. Lo desaparecimos con la ley y la Constituci\u00f3n en la mano y a todos los grupos delincuenciales\u201d, dijo.<\/p>\n\n\n\n<p>Por otro lado, afirm\u00f3 que Venezuela disfruta de altos niveles de seguridad ciudadana gracias a la profesionalizaci\u00f3n de sus cuerpos de seguridad. Asimismo, expres\u00f3 que el sistema carcelario se est\u00e1 recuperando bajo un enfoque humanista.<\/p>\n\n\n\n<p><strong>Venezuela irrelevante en narcotr\u00e1fico<\/strong><\/p>\n\n\n\n<p>El mandatario tambi\u00e9n desminti\u00f3 las acusaciones de narcotr\u00e1fico, citando informes internacionales y se\u00f1alando a pa\u00edses vecinos. \u201cSe demostr\u00f3 en el informe de la DEA, en el informe de la Organizaci\u00f3n de Naciones Unidas, en el informe de la Uni\u00f3n Europea\u2026 demuestra que Venezuela es un pa\u00eds irrelevante en producci\u00f3n y tr\u00e1fico de drogas\u201d, precis\u00f3.<\/p>\n\n\n\n<p><strong>Prensa Presidencial \/ Iliana Rosales<\/strong><\/p>\n\n\n\n<p><\/p>\n","protected":false},"excerpt":{"rendered":"<p>Pinto Salinas, Caracas.- El presidente de la Rep\u00fablica Bolivariana de Venezuela, Nicol\u00e1s Maduro, desminti\u00f3 este jueves categ\u00f3ricamente una serie de \u00abfake news\u00bb difundidos contra Venezuela, especialmente desde Estados Unidos (EE.UU.), al tiempo que denunci\u00f3 la existencia de una red de trata de personas, liderada por la extrema oposici\u00f3n, que habr\u00eda trasladado delincuentes hacia el exterior. [&hellip;]<\/p>\n","protected":false},"author":19,"featured_media":31035,"comment_status":"open","ping_status":"open","sticky":false,"template":"","format":"standard","meta":{"footnotes":""},"categories":[18,7],"tags":[1864,19,557,1809,192,27,20],"class_list":["post-31030","post","type-post","status-publish","format-standard","has-post-thumbnail","hentry","category-noticias-principales","category-notas-de-prensa","tag-jueves-de-comuna","tag-nicolas-maduro","tag-paz","tag-poder-comunal","tag-poder-popular","tag-revolucion-bolivariana","tag-venezuela"],"_links":{"self":[{"href":"https:\/\/prensapresidencialvenezuela.gob.ve\/index.php\/wp-json\/wp\/v2\/posts\/31030","targetHints":{"allow":["GET"]}}],"collection":[{"href":"https:\/\/prensapresidencialvenezuela.gob.ve\/index.php\/wp-json\/wp\/v2\/posts"}],"about":[{"href":"https:\/\/prensapresidencialvenezuela.gob.ve\/index.php\/wp-json\/wp\/v2\/types\/post"}],"author":[{"embeddable":true,"href":"https:\/\/prensapresidencialvenezuela.gob.ve\/index.php\/wp-json\/wp\/v2\/users\/19"}],"replies":[{"embeddable":true,"href":"https:\/\/prensapresidencialvenezuela.gob.ve\/index.php\/wp-json\/wp\/v2\/comments?post=31030"}],"version-history":[{"count":6,"href":"https:\/\/prensapresidencialvenezuela.gob.ve\/index.php\/wp-json\/wp\/v2\/posts\/31030\/revisions"}],"predecessor-version":[{"id":31103,"href":"https:\/\/prensapresidencialvenezuela.gob.ve\/index.php\/wp-json\/wp\/v2\/posts\/31030\/revisions\/31103"}],"wp:featuredmedia":[{"embeddable":true,"href":"https:\/\/prensapresidencialvenezuela.gob.ve\/index.php\/wp-json\/wp\/v2\/media\/31035"}],"wp:attachment":[{"href":"https:\/\/prensapresidencialvenezuela.gob.ve\/index.php\/wp-json\/wp\/v2\/media?parent=31030"}],"wp:term":[{"taxonomy":"category","embeddable":true,"href":"https:\/\/prensapresidencialvenezuela.gob.ve\/index.php\/wp-json\/wp\/v2\/categories?post=31030"},{"taxonomy":"post_tag","embeddable":true,"href":"https:\/\/prensapresidencialvenezuela.gob.ve\/index.php\/wp-json\/wp\/v2\/tags?post=31030"}],"curies":[{"name":"wp","href":"https:\/\/api.w.org\/{rel}","templated":true}]}}