{"id":31043,"date":"2025-12-11T19:52:22","date_gmt":"2025-12-11T23:52:22","guid":{"rendered":"https:\/\/prensapresidencialvenezuela.gob.ve\/?p=31043"},"modified":"2025-12-11T21:29:15","modified_gmt":"2025-12-12T01:29:15","slug":"venezuela-denuncia-como-un-acto-de-pirateria-criminal-el-robo-de-petroleo-por-el-imperialismo-en-el-caribe","status":"publish","type":"post","link":"https:\/\/prensapresidencialvenezuela.gob.ve\/index.php\/2025\/12\/11\/venezuela-denuncia-como-un-acto-de-pirateria-criminal-el-robo-de-petroleo-por-el-imperialismo-en-el-caribe\/","title":{"rendered":"Venezuela denuncia como un acto de pirater\u00eda criminal el robo de petr\u00f3leo por el imperialismo en el Caribe"},"content":{"rendered":"\n<p><strong>Pinto Salinas, Caracas.-<\/strong> El presidente de la Rep\u00fablica Bolivariana de Venezuela, Nicol\u00e1s Maduro, denunci\u00f3 este jueves como un acto de pirater\u00eda naval criminal en el Caribe, el asalto militar, secuestro y robo de un buque petrolero civil que transportaba crudo nacional a mercados internacionales.<\/p>\n\n\n\n<p>Asegur\u00f3 que este hecho confirma la verdadera motivaci\u00f3n detr\u00e1s de las campa\u00f1as de desprestigio y las amenazas de guerra contra el Gobierno Bolivariano: La codicia por sus inmensas riquezas naturales.<\/p>\n\n\n\n<p>\u00abAyer hicieron un acto absolutamente criminal e ilegal cuando procedieron a un asalto militar, secuestro y robo como piratas del Caribe a una nave mercantil, comercial, civil, privada, una nave de paz\u2026 fue asaltada ya casi agarrando el Atl\u00e1ntico\u201d, detall\u00f3 sobre el incidente que ha gozado de un amplio rechazo, incluso, internacional.<\/p>\n\n\n\n<figure class=\"wp-block-image size-large\"><img fetchpriority=\"high\" decoding=\"async\" width=\"1024\" height=\"699\" src=\"https:\/\/prensapresidencialvenezuela.gob.ve\/wp-content\/uploads\/2025\/12\/01EG__6391_P-1024x699.jpg\" alt=\"\" class=\"wp-image-31031\" srcset=\"https:\/\/prensapresidencialvenezuela.gob.ve\/wp-content\/uploads\/2025\/12\/01EG__6391_P-1024x699.jpg 1024w, https:\/\/prensapresidencialvenezuela.gob.ve\/wp-content\/uploads\/2025\/12\/01EG__6391_P-300x205.jpg 300w, https:\/\/prensapresidencialvenezuela.gob.ve\/wp-content\/uploads\/2025\/12\/01EG__6391_P-768x524.jpg 768w, https:\/\/prensapresidencialvenezuela.gob.ve\/wp-content\/uploads\/2025\/12\/01EG__6391_P-1536x1049.jpg 1536w, https:\/\/prensapresidencialvenezuela.gob.ve\/wp-content\/uploads\/2025\/12\/01EG__6391_P-2048x1398.jpg 2048w\" sizes=\"(max-width: 1024px) 100vw, 1024px\" \/><\/figure>\n\n\n\n<p>El Jefe de Estado mencion\u00f3 que el buque, que transportaba un cargamento de casi 2 millones de barriles de crudo ya pagado, fue atacado lejos de las costas venezolanas.<\/p>\n\n\n\n<p>\u00abA esta hora que les hablo, los tripulantes de esa nave, de ese barco que llevaba a los mercados internacionales 1 mill\u00f3n 900 mil barriles de petr\u00f3leo, que lo pagaron en Venezuela\u2026 est\u00e1n secuestrados, est\u00e1n desaparecidos, nadie sabe d\u00f3nde est\u00e1n, secuestraron a los tripulantes, se robaron el barco y han inaugurado una nueva era, la era de la pirater\u00eda naval criminal en el Caribe\u201d, declar\u00f3.<\/p>\n\n\n\n<p>En este sentido, el presidente Maduro asegur\u00f3 que Venezuela es un objetivo de los EE.UU. por sus cuantiosos recursos energ\u00e9ticos y naturales. \u00abSi Venezuela no tuviera las m\u00e1ximas reservas de petr\u00f3leo del mundo, no existiera Venezuela para los multimillonarios y supremacistas de Estados Unidos. Ellos quieren robarse el petr\u00f3leo de Venezuela y no pagarlo\u201d, se\u00f1al\u00f3.<\/p>\n\n\n\n<p>Finaliz\u00f3 diciendo que \u201cdesde tiempos de Bol\u00edvar, por decreto presidencial, todo lo que est\u00e1 debajo de la tierra, sea oro, minerales, petr\u00f3leo y gas, le pertenece al pueblo soberano de Venezuela por mandato constitucional y nadie ni nada podr\u00e1 robarse los recursos y riquezas naturales del pueblo\u201d.<\/p>\n\n\n\n<p><strong>Prensa Presidencial \/ Iliana Rosales<\/strong><\/p>\n\n\n\n<p><\/p>\n","protected":false},"excerpt":{"rendered":"<p>Pinto Salinas, Caracas.- El presidente de la Rep\u00fablica Bolivariana de Venezuela, Nicol\u00e1s Maduro, denunci\u00f3 este jueves como un acto de pirater\u00eda naval criminal en el Caribe, el asalto militar, secuestro y robo de un buque petrolero civil que transportaba crudo nacional a mercados internacionales. Asegur\u00f3 que este hecho confirma la verdadera motivaci\u00f3n detr\u00e1s de las [&hellip;]<\/p>\n","protected":false},"author":19,"featured_media":31046,"comment_status":"open","ping_status":"open","sticky":false,"template":"","format":"standard","meta":{"footnotes":""},"categories":[18,7],"tags":[1864,19,557,1809,192,27,20],"class_list":["post-31043","post","type-post","status-publish","format-standard","has-post-thumbnail","hentry","category-noticias-principales","category-notas-de-prensa","tag-jueves-de-comuna","tag-nicolas-maduro","tag-paz","tag-poder-comunal","tag-poder-popular","tag-revolucion-bolivariana","tag-venezuela"],"_links":{"self":[{"href":"https:\/\/prensapresidencialvenezuela.gob.ve\/index.php\/wp-json\/wp\/v2\/posts\/31043","targetHints":{"allow":["GET"]}}],"collection":[{"href":"https:\/\/prensapresidencialvenezuela.gob.ve\/index.php\/wp-json\/wp\/v2\/posts"}],"about":[{"href":"https:\/\/prensapresidencialvenezuela.gob.ve\/index.php\/wp-json\/wp\/v2\/types\/post"}],"author":[{"embeddable":true,"href":"https:\/\/prensapresidencialvenezuela.gob.ve\/index.php\/wp-json\/wp\/v2\/users\/19"}],"replies":[{"embeddable":true,"href":"https:\/\/prensapresidencialvenezuela.gob.ve\/index.php\/wp-json\/wp\/v2\/comments?post=31043"}],"version-history":[{"count":2,"href":"https:\/\/prensapresidencialvenezuela.gob.ve\/index.php\/wp-json\/wp\/v2\/posts\/31043\/revisions"}],"predecessor-version":[{"id":31101,"href":"https:\/\/prensapresidencialvenezuela.gob.ve\/index.php\/wp-json\/wp\/v2\/posts\/31043\/revisions\/31101"}],"wp:featuredmedia":[{"embeddable":true,"href":"https:\/\/prensapresidencialvenezuela.gob.ve\/index.php\/wp-json\/wp\/v2\/media\/31046"}],"wp:attachment":[{"href":"https:\/\/prensapresidencialvenezuela.gob.ve\/index.php\/wp-json\/wp\/v2\/media?parent=31043"}],"wp:term":[{"taxonomy":"category","embeddable":true,"href":"https:\/\/prensapresidencialvenezuela.gob.ve\/index.php\/wp-json\/wp\/v2\/categories?post=31043"},{"taxonomy":"post_tag","embeddable":true,"href":"https:\/\/prensapresidencialvenezuela.gob.ve\/index.php\/wp-json\/wp\/v2\/tags?post=31043"}],"curies":[{"name":"wp","href":"https:\/\/api.w.org\/{rel}","templated":true}]}}