{"id":31059,"date":"2025-12-11T20:25:45","date_gmt":"2025-12-12T00:25:45","guid":{"rendered":"https:\/\/prensapresidencialvenezuela.gob.ve\/?p=31059"},"modified":"2025-12-11T21:28:40","modified_gmt":"2025-12-12T01:28:40","slug":"presidente-maduro-denuncia-acto-de-pirateria-contra-buque-petrolero","status":"publish","type":"post","link":"https:\/\/prensapresidencialvenezuela.gob.ve\/index.php\/2025\/12\/11\/presidente-maduro-denuncia-acto-de-pirateria-contra-buque-petrolero\/","title":{"rendered":"96% de los venezolanos y venezolanas repudia asalto y robo del buque petrolero"},"content":{"rendered":"\n<p><strong>Pinto Salinas, Caracas.-<\/strong> El presidente de la Rep\u00fablica Bolivariana de Venezuela, Nicol\u00e1s Maduro Moros, emiti\u00f3 una denuncia sobre el secuestro, asalto y robo de un buque que transportaba petr\u00f3leo venezolano con destino a los mercados internacionales. El mandatario calific\u00f3 el hecho como un acto de pirater\u00eda ordenado por estamentos militares de Estados Unidos.<\/p>\n\n\n\n<p>El Jefe de Estado inform\u00f3 que una encuesta flash realizada por una empresa internacional de prestigio arroj\u00f3 que el 96% de los venezolanos y venezolanas repudia este acto de asalto y robo. El Presidente se\u00f1al\u00f3 que este repudio es creciente a nivel internacional.<\/p>\n\n\n\n<p>Maduro acus\u00f3 directamente a la Guardia Costera y al Ej\u00e9rcito de Estados Unidos de recibir \u00f3rdenes para cometer estos actos ilegales, se\u00f1alando que estas acciones, junto con la agresi\u00f3n previa contra lancheros, revelan el verdadero inter\u00e9s detr\u00e1s de la campa\u00f1a contra Venezuela. El Presidente afirm\u00f3 que el objetivo real es el petr\u00f3leo venezolano, y que Venezuela defender\u00e1 su soberan\u00eda sobre sus recursos naturales.<\/p>\n\n\n\n<p>En un mensaje de paz y unidad, el Mandatario inst\u00f3 a redescubrir los lazos de admiraci\u00f3n y amor mutuo entre el pueblo de Estados Unidos y los pueblos de Am\u00e9rica Latina. Llam\u00f3 al equipo de Gobierno y a los l\u00edderes comunales a tejer lazos de amor, advirtiendo que los sectores supremacistas y multimillonarios buscan llevar a la juventud humilde de Estados Unidos a una guerra por petr\u00f3leo.<\/p>\n\n\n\n<p>El presidente Maduro concluy\u00f3 con una firme declaraci\u00f3n contra la escalada militarista, \u00abNosotros decimos, no a la guerra, que triunfe la paz por encima de todas estas locuras infernales de los supremacistas del norte\u00bb.<\/p>\n\n\n\n<p><strong>Prensa Presidencial\/ Kaylib Maita<\/strong><\/p>\n","protected":false},"excerpt":{"rendered":"<p>Pinto Salinas, Caracas.- El presidente de la Rep\u00fablica Bolivariana de Venezuela, Nicol\u00e1s Maduro Moros, emiti\u00f3 una denuncia sobre el secuestro, asalto y robo de un buque que transportaba petr\u00f3leo venezolano con destino a los mercados internacionales. El mandatario calific\u00f3 el hecho como un acto de pirater\u00eda ordenado por estamentos militares de Estados Unidos. El Jefe [&hellip;]<\/p>\n","protected":false},"author":18,"featured_media":31061,"comment_status":"open","ping_status":"open","sticky":false,"template":"","format":"standard","meta":{"footnotes":""},"categories":[18,7],"tags":[1864,19,557,1809,192,27,20],"class_list":["post-31059","post","type-post","status-publish","format-standard","has-post-thumbnail","hentry","category-noticias-principales","category-notas-de-prensa","tag-jueves-de-comuna","tag-nicolas-maduro","tag-paz","tag-poder-comunal","tag-poder-popular","tag-revolucion-bolivariana","tag-venezuela"],"_links":{"self":[{"href":"https:\/\/prensapresidencialvenezuela.gob.ve\/index.php\/wp-json\/wp\/v2\/posts\/31059","targetHints":{"allow":["GET"]}}],"collection":[{"href":"https:\/\/prensapresidencialvenezuela.gob.ve\/index.php\/wp-json\/wp\/v2\/posts"}],"about":[{"href":"https:\/\/prensapresidencialvenezuela.gob.ve\/index.php\/wp-json\/wp\/v2\/types\/post"}],"author":[{"embeddable":true,"href":"https:\/\/prensapresidencialvenezuela.gob.ve\/index.php\/wp-json\/wp\/v2\/users\/18"}],"replies":[{"embeddable":true,"href":"https:\/\/prensapresidencialvenezuela.gob.ve\/index.php\/wp-json\/wp\/v2\/comments?post=31059"}],"version-history":[{"count":4,"href":"https:\/\/prensapresidencialvenezuela.gob.ve\/index.php\/wp-json\/wp\/v2\/posts\/31059\/revisions"}],"predecessor-version":[{"id":31100,"href":"https:\/\/prensapresidencialvenezuela.gob.ve\/index.php\/wp-json\/wp\/v2\/posts\/31059\/revisions\/31100"}],"wp:featuredmedia":[{"embeddable":true,"href":"https:\/\/prensapresidencialvenezuela.gob.ve\/index.php\/wp-json\/wp\/v2\/media\/31061"}],"wp:attachment":[{"href":"https:\/\/prensapresidencialvenezuela.gob.ve\/index.php\/wp-json\/wp\/v2\/media?parent=31059"}],"wp:term":[{"taxonomy":"category","embeddable":true,"href":"https:\/\/prensapresidencialvenezuela.gob.ve\/index.php\/wp-json\/wp\/v2\/categories?post=31059"},{"taxonomy":"post_tag","embeddable":true,"href":"https:\/\/prensapresidencialvenezuela.gob.ve\/index.php\/wp-json\/wp\/v2\/tags?post=31059"}],"curies":[{"name":"wp","href":"https:\/\/api.w.org\/{rel}","templated":true}]}}