{"id":31070,"date":"2025-12-11T20:43:05","date_gmt":"2025-12-12T00:43:05","guid":{"rendered":"https:\/\/prensapresidencialvenezuela.gob.ve\/?p=31070"},"modified":"2025-12-12T10:35:52","modified_gmt":"2025-12-12T14:35:52","slug":"presidente-maduro-a-la-extrema-derecha-venezolana-salio-respirando-por-la-herida-porque-este-pueblo-derroto-el-fascismo","status":"publish","type":"post","link":"https:\/\/prensapresidencialvenezuela.gob.ve\/index.php\/2025\/12\/11\/presidente-maduro-a-la-extrema-derecha-venezolana-salio-respirando-por-la-herida-porque-este-pueblo-derroto-el-fascismo\/","title":{"rendered":"Presidente Maduro a la extrema derecha venezolana: \u00absali\u00f3 respirando por la herida porque este pueblo derrot\u00f3 el fascismo\u00bb"},"content":{"rendered":"\n<p><strong>Pinto Salinas, Caracas.-<\/strong> El presidente Nicol\u00e1s Maduro Moros, durante su encuentro con el Poder Popular, realizado en la barriada caraque\u00f1a de Pinto Salinas, calific\u00f3 como vergonzoso la actuaci\u00f3n de la extrema venezolana en Oslo, Noruega.<\/p>\n\n\n\n<p>\u00abHoy sali\u00f3 en una rueda de prensa, hablando ingl\u00e9s, llamando a que invadan Venezuela. Hoy sali\u00f3 aplaudiendo y apoyando el secuestro armado del barco petrolero que llevaba petr\u00f3leo venezolano. Hoy sali\u00f3 delinquiendo (\u2026) y sali\u00f3 respirando por la herida porque este pueblo est\u00e1 unido movilizado, victorioso y este pueblo derrot\u00f3 el fascismo, derrot\u00f3 a los nazis, derrot\u00f3 a los apellidos y m\u00e1s nunca volver\u00e1n\u00bb, manifest\u00f3 abiertamente el Jefe de Estado venezolano ante los 40 representantes internacionales invitados a la Comuna Socialista Amalivaca.<\/p>\n\n\n\n<p>El Mandatario Nacional confes\u00f3 sentirse con \u00abuna energ\u00eda y una fuerza sobrenatural\u00bb, transmitida por el pueblo venezolano que contin\u00faa superando obst\u00e1culos, amenazas y acechanzas. \u00abVeo la grandeza del destino que tiene marcado el pueblo de Venezuela. Y en esta batalla por Venezuela, hermanos del mundo, se est\u00e1 dando la batalla de la humanidad\u00bb, resalt\u00f3.<\/p>\n\n\n\n<p>Culmin\u00f3 su alocuci\u00f3n indicando que \u00abno ha nacido el supremacista ni el imperio que pueda poner de rodillas al pueblo de Venezuela. Y aqu\u00ed vamos nosotros, engrandecidos, llenos de amor, de pasi\u00f3n, ganando la paz todos los d\u00edas\u00bb, sentenci\u00f3 el Presidente Maduro sobre este tema.<\/p>\n\n\n\n<p><strong>Prensa Presidencial\/ Claudia Guerra M\u00e9ndez<\/strong><\/p>\n","protected":false},"excerpt":{"rendered":"<p>Pinto Salinas, Caracas.- El presidente Nicol\u00e1s Maduro Moros, durante su encuentro con el Poder Popular, realizado en la barriada caraque\u00f1a de Pinto Salinas, calific\u00f3 como vergonzoso la actuaci\u00f3n de la extrema venezolana en Oslo, Noruega. \u00abHoy sali\u00f3 en una rueda de prensa, hablando ingl\u00e9s, llamando a que invadan Venezuela. Hoy sali\u00f3 aplaudiendo y apoyando el [&hellip;]<\/p>\n","protected":false},"author":18,"featured_media":31071,"comment_status":"open","ping_status":"open","sticky":false,"template":"","format":"standard","meta":{"footnotes":""},"categories":[18,7],"tags":[1864,19,557,1809,192,27,20],"class_list":["post-31070","post","type-post","status-publish","format-standard","has-post-thumbnail","hentry","category-noticias-principales","category-notas-de-prensa","tag-jueves-de-comuna","tag-nicolas-maduro","tag-paz","tag-poder-comunal","tag-poder-popular","tag-revolucion-bolivariana","tag-venezuela"],"_links":{"self":[{"href":"https:\/\/prensapresidencialvenezuela.gob.ve\/index.php\/wp-json\/wp\/v2\/posts\/31070","targetHints":{"allow":["GET"]}}],"collection":[{"href":"https:\/\/prensapresidencialvenezuela.gob.ve\/index.php\/wp-json\/wp\/v2\/posts"}],"about":[{"href":"https:\/\/prensapresidencialvenezuela.gob.ve\/index.php\/wp-json\/wp\/v2\/types\/post"}],"author":[{"embeddable":true,"href":"https:\/\/prensapresidencialvenezuela.gob.ve\/index.php\/wp-json\/wp\/v2\/users\/18"}],"replies":[{"embeddable":true,"href":"https:\/\/prensapresidencialvenezuela.gob.ve\/index.php\/wp-json\/wp\/v2\/comments?post=31070"}],"version-history":[{"count":2,"href":"https:\/\/prensapresidencialvenezuela.gob.ve\/index.php\/wp-json\/wp\/v2\/posts\/31070\/revisions"}],"predecessor-version":[{"id":31288,"href":"https:\/\/prensapresidencialvenezuela.gob.ve\/index.php\/wp-json\/wp\/v2\/posts\/31070\/revisions\/31288"}],"wp:featuredmedia":[{"embeddable":true,"href":"https:\/\/prensapresidencialvenezuela.gob.ve\/index.php\/wp-json\/wp\/v2\/media\/31071"}],"wp:attachment":[{"href":"https:\/\/prensapresidencialvenezuela.gob.ve\/index.php\/wp-json\/wp\/v2\/media?parent=31070"}],"wp:term":[{"taxonomy":"category","embeddable":true,"href":"https:\/\/prensapresidencialvenezuela.gob.ve\/index.php\/wp-json\/wp\/v2\/categories?post=31070"},{"taxonomy":"post_tag","embeddable":true,"href":"https:\/\/prensapresidencialvenezuela.gob.ve\/index.php\/wp-json\/wp\/v2\/tags?post=31070"}],"curies":[{"name":"wp","href":"https:\/\/api.w.org\/{rel}","templated":true}]}}