{"id":3119,"date":"2022-07-22T23:31:54","date_gmt":"2022-07-22T23:31:54","guid":{"rendered":"http:\/\/172.27.0.121\/?p=3119"},"modified":"2022-07-22T23:31:54","modified_gmt":"2022-07-22T23:31:54","slug":"mas-de-324-mil-bachilleres-se-graduan-en-el-ano-escolar-2021-2022","status":"publish","type":"post","link":"https:\/\/prensapresidencialvenezuela.gob.ve\/index.php\/2022\/07\/22\/mas-de-324-mil-bachilleres-se-graduan-en-el-ano-escolar-2021-2022\/","title":{"rendered":"M\u00e1s de 324 mil bachilleres se grad\u00faan en el a\u00f1o escolar 2021- 2022"},"content":{"rendered":"\n<p><strong>Teatro Teresa Carre\u00f1o, Caracas.-<\/strong>&nbsp;Con el inter\u00e9s supremo de garantizar el derecho a la educaci\u00f3n inclusiva, gratuita y de calidad, el Presidente de la Rep\u00fablica Bolivariana de Venezuela, Nicol\u00e1s Maduro, dio cierre al a\u00f1o escolar 2021-2022 con la graduaci\u00f3n 324 mil 172 bachilleres de la promoci\u00f3n \u00abGran Mariscal de Ayacucho,&nbsp;Antonio Jos\u00e9 de Sucre\u00bb.<\/p>\n\n\n\n<p>El acto que se desarroll\u00f3 en el Teatro Teresa Carre\u00f1o, en Caracas, estuvo lleno de la alegr\u00eda por la celebraci\u00f3n del cierre del a\u00f1o escolar que culmina con la matr\u00edcula de 8 millones 789 mil 356 estudiantes que cursaron estudios en todos los niveles.<\/p>\n\n\n\n<p>En ese orden, el jefe de Estado felicit\u00f3 la iniciativa de los bachilleres que -en su prueba vocacional- decidieron incursionar en carreras universitarias relacionadas con la Agenda Econ\u00f3mica Bolivariana (AEB), espec\u00edficamente en el \u00e1rea de tecnolog\u00eda, salud, ingenier\u00eda y turismo.<\/p>\n\n\n\n<p>\u201cMe he sentido muy feliz y contento hoy de venir a compartir con ustedes, de saludarlos y darles un abrazo, de darles un beso a todos y a todas, de darles mi bendici\u00f3n a todos. Hoy, siendo 22 de julio del a\u00f1o 2022, declar\u00f3 culminado exitosamente el a\u00f1o escolar 2021-2022. \u00a1Felicitaciones muchachos!\u201d, expres\u00f3 a los j\u00f3venes que -con sentimientos patriotas- recibieron al Jefe de Estado.<\/p>\n\n\n\n<p>Record\u00f3 el Mandatario Nacional que en Venezuela la educaci\u00f3n gratuita y de calidad es garantizada hasta el nivel universitario y anunci\u00f3 que, este 27 de julio, los 324 mil 172 bachilleres que se reciben tendr\u00e1n su cupo en las universidades del Sistema P\u00fablico Nacional de Educaci\u00f3n.<\/p>\n\n\n\n<p><strong>Todos a vacunarse<\/strong><\/p>\n\n\n\n<p>El a\u00f1o escolar que culmina este 2022 se desarroll\u00f3 bajo el esquema 7+7 y, m\u00e1s tarde, con el&nbsp; m\u00e9todo presencial, siempre preservando la vida ante la pandemia por la Covid-19.<\/p>\n\n\n\n<p>Ante esto, el jefe de Estado inst\u00f3 a la juventud a vacunarse y lograr el 100 por ciento de inmunizaci\u00f3n al comienzo del a\u00f1o escolar 2022-2023.<\/p>\n\n\n\n<p>\u201cSi te ponen una vacuna tu cuerpo y tu salud salen ganando (\u2026) Los primeros que se tienen que vacunar son los ni\u00f1os, las ni\u00f1as y la juventud y despu\u00e9s los adultos, as\u00ed que quienes no se hayan vacunado, vac\u00fanense para que se protejan y podamos iniciar el pr\u00f3ximo a\u00f1o escolar 2022-2023 con 100% de vacunaci\u00f3n en todas las escuelas, en todos los liceos y en todas las universidades\u201d.<\/p>\n\n\n\n<p>La jornada de trabajo presidencial estuvo acompa\u00f1ada la Primera Combatiente, Dra. Cilia Flores de Maduro; por el Vicepresidente del \u00c1rea del Socialismo Social y Territorial, Mervin Maldonado; la Vicepresidenta de Ciencia, Tecnolog\u00eda, Educaci\u00f3n y Salud, Gabriela Jim\u00e9nez; la ministra del Poder Popular para la Educaci\u00f3n, Yelitze Santaella, y la Ministra del Poder Popular para la Educaci\u00f3n Superior, Tibisay Lucena.<\/p>\n\n\n\n<p><strong>Prensa Presidencial \/ Yndira L\u00f3pez<\/strong><\/p>\n","protected":false},"excerpt":{"rendered":"<p>Teatro Teresa Carre\u00f1o, Caracas.-&nbsp;Con el inter\u00e9s supremo de garantizar el derecho a la educaci\u00f3n inclusiva, gratuita y de calidad, el Presidente de la Rep\u00fablica Bolivariana de Venezuela, Nicol\u00e1s Maduro, dio cierre al a\u00f1o escolar 2021-2022 con la graduaci\u00f3n 324 mil 172 bachilleres de la promoci\u00f3n \u00abGran Mariscal de Ayacucho,&nbsp;Antonio Jos\u00e9 de Sucre\u00bb. El acto que [&hellip;]<\/p>\n","protected":false},"author":6,"featured_media":3120,"comment_status":"open","ping_status":"open","sticky":false,"template":"","format":"standard","meta":{"footnotes":""},"categories":[7],"tags":[],"class_list":["post-3119","post","type-post","status-publish","format-standard","has-post-thumbnail","hentry","category-notas-de-prensa"],"_links":{"self":[{"href":"https:\/\/prensapresidencialvenezuela.gob.ve\/index.php\/wp-json\/wp\/v2\/posts\/3119","targetHints":{"allow":["GET"]}}],"collection":[{"href":"https:\/\/prensapresidencialvenezuela.gob.ve\/index.php\/wp-json\/wp\/v2\/posts"}],"about":[{"href":"https:\/\/prensapresidencialvenezuela.gob.ve\/index.php\/wp-json\/wp\/v2\/types\/post"}],"author":[{"embeddable":true,"href":"https:\/\/prensapresidencialvenezuela.gob.ve\/index.php\/wp-json\/wp\/v2\/users\/6"}],"replies":[{"embeddable":true,"href":"https:\/\/prensapresidencialvenezuela.gob.ve\/index.php\/wp-json\/wp\/v2\/comments?post=3119"}],"version-history":[{"count":1,"href":"https:\/\/prensapresidencialvenezuela.gob.ve\/index.php\/wp-json\/wp\/v2\/posts\/3119\/revisions"}],"predecessor-version":[{"id":3121,"href":"https:\/\/prensapresidencialvenezuela.gob.ve\/index.php\/wp-json\/wp\/v2\/posts\/3119\/revisions\/3121"}],"wp:featuredmedia":[{"embeddable":true,"href":"https:\/\/prensapresidencialvenezuela.gob.ve\/index.php\/wp-json\/wp\/v2\/media\/3120"}],"wp:attachment":[{"href":"https:\/\/prensapresidencialvenezuela.gob.ve\/index.php\/wp-json\/wp\/v2\/media?parent=3119"}],"wp:term":[{"taxonomy":"category","embeddable":true,"href":"https:\/\/prensapresidencialvenezuela.gob.ve\/index.php\/wp-json\/wp\/v2\/categories?post=3119"},{"taxonomy":"post_tag","embeddable":true,"href":"https:\/\/prensapresidencialvenezuela.gob.ve\/index.php\/wp-json\/wp\/v2\/tags?post=3119"}],"curies":[{"name":"wp","href":"https:\/\/api.w.org\/{rel}","templated":true}]}}