{"id":3122,"date":"2022-07-22T23:32:47","date_gmt":"2022-07-22T23:32:47","guid":{"rendered":"http:\/\/172.27.0.121\/?p=3122"},"modified":"2022-07-22T23:32:47","modified_gmt":"2022-07-22T23:32:47","slug":"plan-vacacional-de-ninos-ninas-y-jovenes-arranca-este-1-de-agosto","status":"publish","type":"post","link":"https:\/\/prensapresidencialvenezuela.gob.ve\/index.php\/2022\/07\/22\/plan-vacacional-de-ninos-ninas-y-jovenes-arranca-este-1-de-agosto\/","title":{"rendered":"Plan vacacional de ni\u00f1os, ni\u00f1as y j\u00f3venes arranca este 1\u00b0 de agosto"},"content":{"rendered":"\n<p><strong>Teatro Teresa Carre\u00f1o, Caracas.-&nbsp;<\/strong>El pr\u00f3ximo lunes 1\u00b0 de agosto arranca el Plan Vacacional 2022, iniciativa destinada por el Gobierno Bolivariano para el disfrute de ni\u00f1os, ni\u00f1as y adolescentes en todo el pa\u00eds, que tendr\u00e1 su expresi\u00f3n en las comunidades hasta el domingo 11 de septiembre.<\/p>\n\n\n\n<p>El anuncio se dio a conocer en la jornada de trabajo del Presidente de la Rep\u00fablica, Nicol\u00e1s Maduro, desde el Teatro Teresa Carre\u00f1o, ubicado en Caracas, dedicada al cierre del a\u00f1o escolar 2021-2022, donde egresan&nbsp;324.172 bachilleres de la promoci\u00f3n \u00abGran Mariscal de Ayacucho Antonio Jos\u00e9 de Sucre\u00bb y cierran proyectos 8.789.356 estudiantes en los diferentes niveles del Sistema P\u00fablico Nacional de Educaci\u00f3n.<\/p>\n\n\n\n<p>En este sentido, el vicepresidente Sectorial para el Socialismo Social y Territorial, Mervin Maldonado, refiri\u00f3 los detalles de esta pol\u00edtica social que garantiza el derecho a la recreaci\u00f3n de los ni\u00f1os, ni\u00f1as y j\u00f3venes.<\/p>\n\n\n\n<p>\u00abA partir del lunes 1 de agosto y hasta el domingo 11 de septiembre en 4.000 puntos comunales se desarrollar\u00e1 el Plan Vacacional Juvenil y de los ni\u00f1os y ni\u00f1as para que los j\u00f3venes puedan disfrutar de actividades deportivas. Vamos a tener actividades deportivas, recreativas culturales, tur\u00edsticas y ecol\u00f3gicas con el movimiento Nacional de Recreadores y Recreadoras con los promotores deportivos y culturales y van a tener sus espacios para la rumba, para el disfrute de esta juventud en el Plan Vacacional comunitario 2022\u00bb, detall\u00f3 Maldonado.<\/p>\n\n\n\n<p>En ese orden, las escuelas y liceos del pa\u00eds permanecer\u00e1n abiertos durante el per\u00edodo vacacional y ofrecer\u00e1n actividades recreativas y educativas en un trabajo conjunto del Ejecutivo Nacional.<\/p>\n\n\n\n<p><strong>Prensa Presidencial \/ Yndira L\u00f3pez<\/strong><\/p>\n","protected":false},"excerpt":{"rendered":"<p>Teatro Teresa Carre\u00f1o, Caracas.-&nbsp;El pr\u00f3ximo lunes 1\u00b0 de agosto arranca el Plan Vacacional 2022, iniciativa destinada por el Gobierno Bolivariano para el disfrute de ni\u00f1os, ni\u00f1as y adolescentes en todo el pa\u00eds, que tendr\u00e1 su expresi\u00f3n en las comunidades hasta el domingo 11 de septiembre. El anuncio se dio a conocer en la jornada de [&hellip;]<\/p>\n","protected":false},"author":6,"featured_media":3123,"comment_status":"open","ping_status":"open","sticky":false,"template":"","format":"standard","meta":{"footnotes":""},"categories":[7],"tags":[],"class_list":["post-3122","post","type-post","status-publish","format-standard","has-post-thumbnail","hentry","category-notas-de-prensa"],"_links":{"self":[{"href":"https:\/\/prensapresidencialvenezuela.gob.ve\/index.php\/wp-json\/wp\/v2\/posts\/3122","targetHints":{"allow":["GET"]}}],"collection":[{"href":"https:\/\/prensapresidencialvenezuela.gob.ve\/index.php\/wp-json\/wp\/v2\/posts"}],"about":[{"href":"https:\/\/prensapresidencialvenezuela.gob.ve\/index.php\/wp-json\/wp\/v2\/types\/post"}],"author":[{"embeddable":true,"href":"https:\/\/prensapresidencialvenezuela.gob.ve\/index.php\/wp-json\/wp\/v2\/users\/6"}],"replies":[{"embeddable":true,"href":"https:\/\/prensapresidencialvenezuela.gob.ve\/index.php\/wp-json\/wp\/v2\/comments?post=3122"}],"version-history":[{"count":1,"href":"https:\/\/prensapresidencialvenezuela.gob.ve\/index.php\/wp-json\/wp\/v2\/posts\/3122\/revisions"}],"predecessor-version":[{"id":3124,"href":"https:\/\/prensapresidencialvenezuela.gob.ve\/index.php\/wp-json\/wp\/v2\/posts\/3122\/revisions\/3124"}],"wp:featuredmedia":[{"embeddable":true,"href":"https:\/\/prensapresidencialvenezuela.gob.ve\/index.php\/wp-json\/wp\/v2\/media\/3123"}],"wp:attachment":[{"href":"https:\/\/prensapresidencialvenezuela.gob.ve\/index.php\/wp-json\/wp\/v2\/media?parent=3122"}],"wp:term":[{"taxonomy":"category","embeddable":true,"href":"https:\/\/prensapresidencialvenezuela.gob.ve\/index.php\/wp-json\/wp\/v2\/categories?post=3122"},{"taxonomy":"post_tag","embeddable":true,"href":"https:\/\/prensapresidencialvenezuela.gob.ve\/index.php\/wp-json\/wp\/v2\/tags?post=3122"}],"curies":[{"name":"wp","href":"https:\/\/api.w.org\/{rel}","templated":true}]}}