{"id":314,"date":"2022-05-07T20:50:30","date_gmt":"2022-05-07T20:50:30","guid":{"rendered":"http:\/\/172.27.0.121\/?p=314"},"modified":"2022-05-11T16:58:32","modified_gmt":"2022-05-11T16:58:32","slug":"presidente-maduro-hay-que-construir-rutas-de-exportacion-como-fuentes-de-riqueza","status":"publish","type":"post","link":"https:\/\/prensapresidencialvenezuela.gob.ve\/index.php\/2022\/05\/07\/presidente-maduro-hay-que-construir-rutas-de-exportacion-como-fuentes-de-riqueza\/","title":{"rendered":"Presidente Maduro: Hay que construir rutas de exportaci\u00f3n como fuentes de riqueza"},"content":{"rendered":"\n<p><strong>Palacio de Miraflores, Caracas.-&nbsp;<\/strong>\u201cTodos los sectores econ\u00f3micos (p\u00fablicos, privados, empresas socialistas, industrias mixtas), deben siempre pensar en la exportaci\u00f3n. Debemos empezar por un 20% de lo que vamos a producir, construir las rutas de exportaci\u00f3n, para nuevas fuentes de riquezas no petroleras para Venezuela\u201d.<\/p>\n\n\n\n<p>La afirmaci\u00f3n corresponde al presidente de la Rep\u00fablica, Nicol\u00e1s Maduro, quien exhort\u00f3 a los productores de caf\u00e9 del pa\u00eds a transformar la econom\u00eda venezolana, para producir bienes y servicios que permitan la exportaci\u00f3n de este rubro.<\/p>\n\n\n\n<p>\u201cDebemos pensar en el mercado interno para satisfacerlo con calidad y buen precio, pensar en los mercados externos para generar las riquezas que necesitamos en los distintos sectores sociales y econ\u00f3micos, adem\u00e1s el ingreso de las familias venezolanas\u201d, asever\u00f3 el Jefe de Estado durante la inauguraci\u00f3n del Primer Encuentro Internacional de Caf\u00e9 de Especialidad Venezolano 2022, evento que se desarrolla en Fuerte Tiuna, Caracas.<\/p>\n\n\n\n<p><strong>Yaracuy se posiciona como entidad productora de caf\u00e9<\/strong><\/p>\n\n\n\n<p>A trav\u00e9s de un pase televisivo al estado Yaracuy, durante una inspecci\u00f3n a la finca productora de caf\u00e9 \u201cLa Divina Providencia\u201d, el gobernador de la entidad, Julio Le\u00f3n Heredia, indic\u00f3 que el Plan Integral Caf\u00e9 Yaracuy (PICAY), contempla el acompa\u00f1amiento y asesor\u00eda a 497 productores de la entidad yaracuyana.<\/p>\n\n\n\n<p>Este Plan permite adem\u00e1s la atenci\u00f3n a 3 mil 500 hect\u00e1reas para aportar calidad al producto, al tiempo que garantiza los insumos a los productores para trabajar la semilla de este rubro a escala nacional, as\u00ed como tambi\u00e9n obtener insumos agroecol\u00f3gicos.<\/p>\n","protected":false},"excerpt":{"rendered":"<p>Palacio de Miraflores, Caracas.-&nbsp;\u201cTodos los sectores econ\u00f3micos (p\u00fablicos, privados, empresas socialistas, industrias mixtas), deben siempre pensar en la exportaci\u00f3n. Debemos empezar por un 20% de lo que vamos a producir, construir las rutas de exportaci\u00f3n, para nuevas fuentes de riquezas no petroleras para Venezuela\u201d. La afirmaci\u00f3n corresponde al presidente de la Rep\u00fablica, Nicol\u00e1s Maduro, quien [&hellip;]<\/p>\n","protected":false},"author":1,"featured_media":315,"comment_status":"closed","ping_status":"open","sticky":false,"template":"","format":"standard","meta":{"footnotes":""},"categories":[7],"tags":[],"class_list":["post-314","post","type-post","status-publish","format-standard","has-post-thumbnail","hentry","category-notas-de-prensa"],"_links":{"self":[{"href":"https:\/\/prensapresidencialvenezuela.gob.ve\/index.php\/wp-json\/wp\/v2\/posts\/314","targetHints":{"allow":["GET"]}}],"collection":[{"href":"https:\/\/prensapresidencialvenezuela.gob.ve\/index.php\/wp-json\/wp\/v2\/posts"}],"about":[{"href":"https:\/\/prensapresidencialvenezuela.gob.ve\/index.php\/wp-json\/wp\/v2\/types\/post"}],"author":[{"embeddable":true,"href":"https:\/\/prensapresidencialvenezuela.gob.ve\/index.php\/wp-json\/wp\/v2\/users\/1"}],"replies":[{"embeddable":true,"href":"https:\/\/prensapresidencialvenezuela.gob.ve\/index.php\/wp-json\/wp\/v2\/comments?post=314"}],"version-history":[{"count":1,"href":"https:\/\/prensapresidencialvenezuela.gob.ve\/index.php\/wp-json\/wp\/v2\/posts\/314\/revisions"}],"predecessor-version":[{"id":316,"href":"https:\/\/prensapresidencialvenezuela.gob.ve\/index.php\/wp-json\/wp\/v2\/posts\/314\/revisions\/316"}],"wp:featuredmedia":[{"embeddable":true,"href":"https:\/\/prensapresidencialvenezuela.gob.ve\/index.php\/wp-json\/wp\/v2\/media\/315"}],"wp:attachment":[{"href":"https:\/\/prensapresidencialvenezuela.gob.ve\/index.php\/wp-json\/wp\/v2\/media?parent=314"}],"wp:term":[{"taxonomy":"category","embeddable":true,"href":"https:\/\/prensapresidencialvenezuela.gob.ve\/index.php\/wp-json\/wp\/v2\/categories?post=314"},{"taxonomy":"post_tag","embeddable":true,"href":"https:\/\/prensapresidencialvenezuela.gob.ve\/index.php\/wp-json\/wp\/v2\/tags?post=314"}],"curies":[{"name":"wp","href":"https:\/\/api.w.org\/{rel}","templated":true}]}}