{"id":3144,"date":"2022-07-26T18:39:14","date_gmt":"2022-07-26T18:39:14","guid":{"rendered":"http:\/\/172.27.0.121\/?p=3144"},"modified":"2022-07-26T18:40:04","modified_gmt":"2022-07-26T18:40:04","slug":"presidente-maduro-recibe-cartas-credenciales-del-embajador-de-san-vicente-y-las-granadinas","status":"publish","type":"post","link":"https:\/\/prensapresidencialvenezuela.gob.ve\/index.php\/2022\/07\/26\/presidente-maduro-recibe-cartas-credenciales-del-embajador-de-san-vicente-y-las-granadinas\/","title":{"rendered":"Presidente Maduro recibe cartas credenciales del embajador de San Vicente y las Granadinas"},"content":{"rendered":"\n<p><strong>Palacio de Miraflores, Caracas.-<\/strong>&nbsp;El embajador extraordinario y plenipotenciario de San Vicente y las Granadinas ante la Rep\u00fablica Bolivariana de Venezuela, Gareth Bynoe, entrega cartas credenciales al jefe de Estado y Gobierno venezolano, Nicol\u00e1s Maduro Moros.<\/p>\n\n\n\n<p>El Embajador, que desde el pasado mes de enero fue designado por la naci\u00f3n caribe\u00f1a, naci\u00f3 el 20 de julio de 1984 en la ciudad Kingstown, es licenciado en Relaciones Internacionales, graduado de la Universidad de Puebla, Estados Unidos Mexicanos, en el a\u00f1o 2009. Se especializa en temas como la econom\u00eda azul, desarrollo sostenible y el estudio de los desaf\u00edos de los peque\u00f1os Estados desde la perspectiva caribe\u00f1a.<\/p>\n\n\n\n<p>Se ha desempe\u00f1ado como representante del gobierno de San Vicente y las Granadinas ante la Misi\u00f3n Diplom\u00e1tica de las Naciones Unidas y como embajador alterno ante la Organizaci\u00f3n de Estados Americanos, desde el a\u00f1o 2014 hasta el a\u00f1o 2019.<\/p>\n\n\n\n<p>Ambas naciones reafirman sus lazos de hermandad, cooperaci\u00f3n y respeto mutuo que se mantienen desde el 29 de octubre de 1981 y sigue fortaleci\u00e9ndose con la llegada de la Revoluci\u00f3n Bolivariana.<\/p>\n\n\n\n<p><strong>Prensa Presidencial \/ Eduardo Hueck<\/strong><\/p>\n","protected":false},"excerpt":{"rendered":"<p>Palacio de Miraflores, Caracas.-&nbsp;El embajador extraordinario y plenipotenciario de San Vicente y las Granadinas ante la Rep\u00fablica Bolivariana de Venezuela, Gareth Bynoe, entrega cartas credenciales al jefe de Estado y Gobierno venezolano, Nicol\u00e1s Maduro Moros. El Embajador, que desde el pasado mes de enero fue designado por la naci\u00f3n caribe\u00f1a, naci\u00f3 el 20 de julio [&hellip;]<\/p>\n","protected":false},"author":7,"featured_media":3145,"comment_status":"open","ping_status":"open","sticky":false,"template":"","format":"standard","meta":{"footnotes":""},"categories":[18,7],"tags":[],"class_list":["post-3144","post","type-post","status-publish","format-standard","has-post-thumbnail","hentry","category-noticias-principales","category-notas-de-prensa"],"_links":{"self":[{"href":"https:\/\/prensapresidencialvenezuela.gob.ve\/index.php\/wp-json\/wp\/v2\/posts\/3144","targetHints":{"allow":["GET"]}}],"collection":[{"href":"https:\/\/prensapresidencialvenezuela.gob.ve\/index.php\/wp-json\/wp\/v2\/posts"}],"about":[{"href":"https:\/\/prensapresidencialvenezuela.gob.ve\/index.php\/wp-json\/wp\/v2\/types\/post"}],"author":[{"embeddable":true,"href":"https:\/\/prensapresidencialvenezuela.gob.ve\/index.php\/wp-json\/wp\/v2\/users\/7"}],"replies":[{"embeddable":true,"href":"https:\/\/prensapresidencialvenezuela.gob.ve\/index.php\/wp-json\/wp\/v2\/comments?post=3144"}],"version-history":[{"count":1,"href":"https:\/\/prensapresidencialvenezuela.gob.ve\/index.php\/wp-json\/wp\/v2\/posts\/3144\/revisions"}],"predecessor-version":[{"id":3146,"href":"https:\/\/prensapresidencialvenezuela.gob.ve\/index.php\/wp-json\/wp\/v2\/posts\/3144\/revisions\/3146"}],"wp:featuredmedia":[{"embeddable":true,"href":"https:\/\/prensapresidencialvenezuela.gob.ve\/index.php\/wp-json\/wp\/v2\/media\/3145"}],"wp:attachment":[{"href":"https:\/\/prensapresidencialvenezuela.gob.ve\/index.php\/wp-json\/wp\/v2\/media?parent=3144"}],"wp:term":[{"taxonomy":"category","embeddable":true,"href":"https:\/\/prensapresidencialvenezuela.gob.ve\/index.php\/wp-json\/wp\/v2\/categories?post=3144"},{"taxonomy":"post_tag","embeddable":true,"href":"https:\/\/prensapresidencialvenezuela.gob.ve\/index.php\/wp-json\/wp\/v2\/tags?post=3144"}],"curies":[{"name":"wp","href":"https:\/\/api.w.org\/{rel}","templated":true}]}}