{"id":3151,"date":"2022-07-26T18:46:34","date_gmt":"2022-07-26T18:46:34","guid":{"rendered":"http:\/\/172.27.0.121\/?p=3151"},"modified":"2022-07-26T18:46:34","modified_gmt":"2022-07-26T18:46:34","slug":"embajadora-de-sudafrica-presenta-cartas-credenciales-al-presidente-maduro","status":"publish","type":"post","link":"https:\/\/prensapresidencialvenezuela.gob.ve\/index.php\/2022\/07\/26\/embajadora-de-sudafrica-presenta-cartas-credenciales-al-presidente-maduro\/","title":{"rendered":"Embajadora de Sud\u00e1frica presenta cartas credenciales al Presidente Maduro"},"content":{"rendered":"\n<p><strong>Palacio de Miraflores, Caracas.-&nbsp;<\/strong>Ante el presidente de la Rep\u00fablica, Nicol\u00e1s Maduro, este lunes la embajadora de la Rep\u00fablica de Sud\u00e1frica, Lindiwe Michelle Maseko, entrega las credenciales que la acreditan como autoridad diplom\u00e1tica en Venezuela.<\/p>\n\n\n\n<p>Nacida el 2 de marzo de 1958, Maseko cuenta con una Licenciatura en Leyes de la Universidad de Sud\u00e1frica (Unisa), un Posgrado en Gerencia y un M\u00e1ster en Gesti\u00f3n en el \u00e1mbito de la Gobernanza y Liderazgo P\u00fablico de la Escuela de Negocios de WITS.<\/p>\n\n\n\n<p>En su ejercicio pol\u00edtico destaca su labor en el Comit\u00e9 Ejecutivo Nacional del Consejo Nacional Africano (ANC, por sus siglas en ingl\u00e9s), instancia en la que tambi\u00e9n se desempe\u00f1\u00f3 como representante a nivel local (Provincial y Nacional) del ANC.<\/p>\n\n\n\n<p>En el \u00e1rea legislativa, la diplom\u00e1tica sudafricana ejerci\u00f3 como diputada del Consejo Legislativo de Gauteng, \u00f3rgano donde labor\u00f3 como Presidenta entre 1994-2014; diputada de la Asamblea Nacional (2014-2019) y miembro de la Asociaci\u00f3n Parlamentaria de la Asociaci\u00f3n Parlamentaria de la Consejo Nacional Africano (APC).<\/p>\n\n\n\n<p>Venezuela y Sud\u00e1frica mantienen una s\u00f3lida cooperaci\u00f3n econ\u00f3mica, basada recientemente en acuerdos suscritos en el Foro de Negocios Venezuela \u2013 Sud\u00e1frica en el a\u00f1o 2020 destinados a las alianzas estrat\u00e9gicas en el \u00e1rea comercial, minera, petrolera, agr\u00edcola y tur\u00edstica.<\/p>\n\n\n\n<p>El 30 de marzo de 2022, a prop\u00f3sito de la culminaci\u00f3n de las funciones diplom\u00e1ticas de Joseph Muzi Khehla Nkosi como Embajador de Sud\u00e1frica en Venezuela, el presidente de la Rep\u00fablica, Nicol\u00e1s Maduro, puntualiz\u00f3 que las relaciones bilaterales han avanzando en el desarrollo de la inversi\u00f3n petrolera e intercambio comercial.<\/p>\n\n\n\n<p><strong>Prensa Presidencial \/ Karelis Gonz\u00e1lez<\/strong><\/p>\n","protected":false},"excerpt":{"rendered":"<p>Palacio de Miraflores, Caracas.-&nbsp;Ante el presidente de la Rep\u00fablica, Nicol\u00e1s Maduro, este lunes la embajadora de la Rep\u00fablica de Sud\u00e1frica, Lindiwe Michelle Maseko, entrega las credenciales que la acreditan como autoridad diplom\u00e1tica en Venezuela. Nacida el 2 de marzo de 1958, Maseko cuenta con una Licenciatura en Leyes de la Universidad de Sud\u00e1frica (Unisa), un [&hellip;]<\/p>\n","protected":false},"author":7,"featured_media":3152,"comment_status":"open","ping_status":"open","sticky":false,"template":"","format":"standard","meta":{"footnotes":""},"categories":[18,7],"tags":[],"class_list":["post-3151","post","type-post","status-publish","format-standard","has-post-thumbnail","hentry","category-noticias-principales","category-notas-de-prensa"],"_links":{"self":[{"href":"https:\/\/prensapresidencialvenezuela.gob.ve\/index.php\/wp-json\/wp\/v2\/posts\/3151","targetHints":{"allow":["GET"]}}],"collection":[{"href":"https:\/\/prensapresidencialvenezuela.gob.ve\/index.php\/wp-json\/wp\/v2\/posts"}],"about":[{"href":"https:\/\/prensapresidencialvenezuela.gob.ve\/index.php\/wp-json\/wp\/v2\/types\/post"}],"author":[{"embeddable":true,"href":"https:\/\/prensapresidencialvenezuela.gob.ve\/index.php\/wp-json\/wp\/v2\/users\/7"}],"replies":[{"embeddable":true,"href":"https:\/\/prensapresidencialvenezuela.gob.ve\/index.php\/wp-json\/wp\/v2\/comments?post=3151"}],"version-history":[{"count":1,"href":"https:\/\/prensapresidencialvenezuela.gob.ve\/index.php\/wp-json\/wp\/v2\/posts\/3151\/revisions"}],"predecessor-version":[{"id":3153,"href":"https:\/\/prensapresidencialvenezuela.gob.ve\/index.php\/wp-json\/wp\/v2\/posts\/3151\/revisions\/3153"}],"wp:featuredmedia":[{"embeddable":true,"href":"https:\/\/prensapresidencialvenezuela.gob.ve\/index.php\/wp-json\/wp\/v2\/media\/3152"}],"wp:attachment":[{"href":"https:\/\/prensapresidencialvenezuela.gob.ve\/index.php\/wp-json\/wp\/v2\/media?parent=3151"}],"wp:term":[{"taxonomy":"category","embeddable":true,"href":"https:\/\/prensapresidencialvenezuela.gob.ve\/index.php\/wp-json\/wp\/v2\/categories?post=3151"},{"taxonomy":"post_tag","embeddable":true,"href":"https:\/\/prensapresidencialvenezuela.gob.ve\/index.php\/wp-json\/wp\/v2\/tags?post=3151"}],"curies":[{"name":"wp","href":"https:\/\/api.w.org\/{rel}","templated":true}]}}