{"id":3163,"date":"2022-07-26T21:45:06","date_gmt":"2022-07-26T21:45:06","guid":{"rendered":"http:\/\/172.27.0.121\/?p=3163"},"modified":"2022-07-26T21:45:06","modified_gmt":"2022-07-26T21:45:06","slug":"presidente-lidera-acto-de-transmision-de-mando-de-la-fanb","status":"publish","type":"post","link":"https:\/\/prensapresidencialvenezuela.gob.ve\/index.php\/2022\/07\/26\/presidente-lidera-acto-de-transmision-de-mando-de-la-fanb\/","title":{"rendered":"Presidente lidera acto de transmisi\u00f3n de mando de la FANB"},"content":{"rendered":"\n<p><strong>Fuerte Tiuna, Caracas.-<\/strong>&nbsp;El presidente de la Rep\u00fablica Bolivariana de Venezuela y Comandante en Jefe de la Fuerza Armada Nacional Bolivariana (FANB), Nicol\u00e1s Maduro, lidera acto de Transmisi\u00f3n de Mando de los Componentes Armada Bolivariana y Aviaci\u00f3n Militar Bolivariana.<\/p>\n\n\n\n<p>\u201cEs un acto importante para el fortalecimiento de toda nuestra Fuerza Armada Nacional Bolivariana en su capacidad institucional de mando, en su capacidad de acci\u00f3n para la defensa integral de nuestro territorio y de nuestro pueblo, para la defensa integral de nuestra amada Venezuela\u201d, recalc\u00f3 el Jefe de Estado desde Fuerte Tiuna, ubicado en Caracas.<\/p>\n\n\n\n<p>El parte y solicitud para dar inicio al acto est\u00e1 a cargo del sub-director de la Academia Militar de la Armada Bolivariana, C\/A Jos\u00e9 Gregorio Machado P\u00e9rez, seguido de los ascensos a mayores generales y almirantes de la FANB.<\/p>\n\n\n\n<p>Seguidamente, se realiza la transmisi\u00f3n de los comandantes de componentes por parte del C\/J Nicol\u00e1s Maduro, para pasar a la entrega de los estandartes de la Armada Bolivariana y Aviaci\u00f3n Militar Bolivariana.<\/p>\n\n\n\n<p>En la entrega del estandarte de la Armada Bolivariana, hace entrega el almirante Alexander Vel\u00e1zquez Bastidas, recibe el almirante An\u00edbal Jos\u00e9 Brito Hern\u00e1ndez.<\/p>\n\n\n\n<p>Por el de la Aviaci\u00f3n Militar Bolivariana, hace entrega el M\/G Jos\u00e9 Rafael Silva Aponte y recibe el M\/G Santiago Alejandro Infante Itriago.<\/p>\n\n\n\n<p>Acompa\u00f1an al Jefe de Estado venezolano, la primera combatiente de la Rep\u00fablica, Cilia Flores; el vicepresidente sectorial de Soberan\u00eda Pol\u00edtica, Seguridad y Paz y ministro del Poder Popular para la Defensa, G\/J Vladimir Padrino L\u00f3pez; el Comandante Estrat\u00e9gico Operacional, G\/J Domingo Hern\u00e1ndez L\u00e1rez; y oficiales mayores generales y almirantes integrantes del Estado Mayor de la FANB.<\/p>\n\n\n\n<p><strong>Prensa Presidencial \/ Anais P\u00e9rez<\/strong><\/p>\n","protected":false},"excerpt":{"rendered":"<p>Fuerte Tiuna, Caracas.-&nbsp;El presidente de la Rep\u00fablica Bolivariana de Venezuela y Comandante en Jefe de la Fuerza Armada Nacional Bolivariana (FANB), Nicol\u00e1s Maduro, lidera acto de Transmisi\u00f3n de Mando de los Componentes Armada Bolivariana y Aviaci\u00f3n Militar Bolivariana. \u201cEs un acto importante para el fortalecimiento de toda nuestra Fuerza Armada Nacional Bolivariana en su capacidad [&hellip;]<\/p>\n","protected":false},"author":7,"featured_media":3164,"comment_status":"open","ping_status":"open","sticky":false,"template":"","format":"standard","meta":{"footnotes":""},"categories":[18,7],"tags":[],"class_list":["post-3163","post","type-post","status-publish","format-standard","has-post-thumbnail","hentry","category-noticias-principales","category-notas-de-prensa"],"_links":{"self":[{"href":"https:\/\/prensapresidencialvenezuela.gob.ve\/index.php\/wp-json\/wp\/v2\/posts\/3163","targetHints":{"allow":["GET"]}}],"collection":[{"href":"https:\/\/prensapresidencialvenezuela.gob.ve\/index.php\/wp-json\/wp\/v2\/posts"}],"about":[{"href":"https:\/\/prensapresidencialvenezuela.gob.ve\/index.php\/wp-json\/wp\/v2\/types\/post"}],"author":[{"embeddable":true,"href":"https:\/\/prensapresidencialvenezuela.gob.ve\/index.php\/wp-json\/wp\/v2\/users\/7"}],"replies":[{"embeddable":true,"href":"https:\/\/prensapresidencialvenezuela.gob.ve\/index.php\/wp-json\/wp\/v2\/comments?post=3163"}],"version-history":[{"count":1,"href":"https:\/\/prensapresidencialvenezuela.gob.ve\/index.php\/wp-json\/wp\/v2\/posts\/3163\/revisions"}],"predecessor-version":[{"id":3165,"href":"https:\/\/prensapresidencialvenezuela.gob.ve\/index.php\/wp-json\/wp\/v2\/posts\/3163\/revisions\/3165"}],"wp:featuredmedia":[{"embeddable":true,"href":"https:\/\/prensapresidencialvenezuela.gob.ve\/index.php\/wp-json\/wp\/v2\/media\/3164"}],"wp:attachment":[{"href":"https:\/\/prensapresidencialvenezuela.gob.ve\/index.php\/wp-json\/wp\/v2\/media?parent=3163"}],"wp:term":[{"taxonomy":"category","embeddable":true,"href":"https:\/\/prensapresidencialvenezuela.gob.ve\/index.php\/wp-json\/wp\/v2\/categories?post=3163"},{"taxonomy":"post_tag","embeddable":true,"href":"https:\/\/prensapresidencialvenezuela.gob.ve\/index.php\/wp-json\/wp\/v2\/tags?post=3163"}],"curies":[{"name":"wp","href":"https:\/\/api.w.org\/{rel}","templated":true}]}}