{"id":3166,"date":"2022-07-26T21:56:35","date_gmt":"2022-07-26T21:56:35","guid":{"rendered":"http:\/\/172.27.0.121\/?p=3166"},"modified":"2022-07-26T21:56:35","modified_gmt":"2022-07-26T21:56:35","slug":"fanb-debe-mantenerse-alerta-para-garantizar-la-paz-venezolana","status":"publish","type":"post","link":"https:\/\/prensapresidencialvenezuela.gob.ve\/index.php\/2022\/07\/26\/fanb-debe-mantenerse-alerta-para-garantizar-la-paz-venezolana\/","title":{"rendered":"FANB debe mantenerse alerta para garantizar la paz venezolana"},"content":{"rendered":"\n<p><\/p>\n\n\n\n<p><strong>Fuerte Tiuna, Caracas. \u2013 <\/strong>&nbsp;El comandante en jefe de la Fuerza Armada Nacional Bolivariana (FANB) y presidente de la Rep\u00fablica, Nicol\u00e1s Maduro Moros, instruy\u00f3 al Estado Mayor Superior de la Fuerza Armada Nacional Bolivariana (FANB) mantenerse alerta para garantizar la paz venezolana ante las amenazas terroristas que se planifican desde Bogot\u00e1.<\/p>\n\n\n\n<p>\u201c\u00a1Alerta! Se conspira con terroristas y traidores nacidos en Venezuela para hacerle da\u00f1o a la Patria, pero ning\u00fan crimen es perfecto y nosotros sabremos neutralizar, derrotar y perseguir a los criminales que conspiran contra la paz y la estabilidad\u201d, denunci\u00f3 el Mandatario.<\/p>\n\n\n\n<p>Reiter\u00f3 la importancia de estar atentos para garantizar la estabilidad nacional conquistada gracias a las estrategias que, desde el Ejecutivo Nacional, se han implementado a favor del pueblo venezolano.<\/p>\n\n\n\n<p>\u201cAlerta todo el sistema policial de inteligencia, contrainteligencia y seguridad, alerta, porque todo lo hacemos por la paz de Venezuela, por el derecho a la felicidad, a la tranquilidad, a la prosperidad en estos tiempos de recuperaci\u00f3n y crecimiento que vive nuestra amada Venezuela\u201d, enfatiz\u00f3.<\/p>\n\n\n\n<p>La informaci\u00f3n fue dada a conocer durante un acto de Transmisi\u00f3n de Mando de los Componentes Armada Bolivariana y Aviaci\u00f3n Militar Bolivariana, liderado por el Jefe de Estado y Gobierno, Nicol\u00e1s Maduro Moros.<\/p>\n\n\n\n<p><strong>Prensa Presidencial \/ Eduardo Hueck<\/strong><\/p>\n","protected":false},"excerpt":{"rendered":"<p>Fuerte Tiuna, Caracas. \u2013 &nbsp;El comandante en jefe de la Fuerza Armada Nacional Bolivariana (FANB) y presidente de la Rep\u00fablica, Nicol\u00e1s Maduro Moros, instruy\u00f3 al Estado Mayor Superior de la Fuerza Armada Nacional Bolivariana (FANB) mantenerse alerta para garantizar la paz venezolana ante las amenazas terroristas que se planifican desde Bogot\u00e1. \u201c\u00a1Alerta! Se conspira con [&hellip;]<\/p>\n","protected":false},"author":7,"featured_media":3167,"comment_status":"open","ping_status":"open","sticky":false,"template":"","format":"standard","meta":{"footnotes":""},"categories":[18,7],"tags":[],"class_list":["post-3166","post","type-post","status-publish","format-standard","has-post-thumbnail","hentry","category-noticias-principales","category-notas-de-prensa"],"_links":{"self":[{"href":"https:\/\/prensapresidencialvenezuela.gob.ve\/index.php\/wp-json\/wp\/v2\/posts\/3166","targetHints":{"allow":["GET"]}}],"collection":[{"href":"https:\/\/prensapresidencialvenezuela.gob.ve\/index.php\/wp-json\/wp\/v2\/posts"}],"about":[{"href":"https:\/\/prensapresidencialvenezuela.gob.ve\/index.php\/wp-json\/wp\/v2\/types\/post"}],"author":[{"embeddable":true,"href":"https:\/\/prensapresidencialvenezuela.gob.ve\/index.php\/wp-json\/wp\/v2\/users\/7"}],"replies":[{"embeddable":true,"href":"https:\/\/prensapresidencialvenezuela.gob.ve\/index.php\/wp-json\/wp\/v2\/comments?post=3166"}],"version-history":[{"count":1,"href":"https:\/\/prensapresidencialvenezuela.gob.ve\/index.php\/wp-json\/wp\/v2\/posts\/3166\/revisions"}],"predecessor-version":[{"id":3168,"href":"https:\/\/prensapresidencialvenezuela.gob.ve\/index.php\/wp-json\/wp\/v2\/posts\/3166\/revisions\/3168"}],"wp:featuredmedia":[{"embeddable":true,"href":"https:\/\/prensapresidencialvenezuela.gob.ve\/index.php\/wp-json\/wp\/v2\/media\/3167"}],"wp:attachment":[{"href":"https:\/\/prensapresidencialvenezuela.gob.ve\/index.php\/wp-json\/wp\/v2\/media?parent=3166"}],"wp:term":[{"taxonomy":"category","embeddable":true,"href":"https:\/\/prensapresidencialvenezuela.gob.ve\/index.php\/wp-json\/wp\/v2\/categories?post=3166"},{"taxonomy":"post_tag","embeddable":true,"href":"https:\/\/prensapresidencialvenezuela.gob.ve\/index.php\/wp-json\/wp\/v2\/tags?post=3166"}],"curies":[{"name":"wp","href":"https:\/\/api.w.org\/{rel}","templated":true}]}}