{"id":3172,"date":"2022-07-28T17:27:31","date_gmt":"2022-07-28T17:27:31","guid":{"rendered":"http:\/\/172.27.0.121\/?p=3172"},"modified":"2022-07-28T17:27:31","modified_gmt":"2022-07-28T17:27:31","slug":"presidente-clausura-el-coloquio-internacional-bolivar-y-san-martin","status":"publish","type":"post","link":"https:\/\/prensapresidencialvenezuela.gob.ve\/index.php\/2022\/07\/28\/presidente-clausura-el-coloquio-internacional-bolivar-y-san-martin\/","title":{"rendered":"Presidente clausura el Coloquio Internacional \u201cBol\u00edvar y San Martin\u201d"},"content":{"rendered":"\n<p><strong>Fuerte Tiuna, Caracas.-<\/strong>&nbsp;El presidente de la Rep\u00fablica Bolivariana de Venezuela, Nicol\u00e1s Maduro, lidera clausura del Coloquio Internacional \u201cBol\u00edvar y San Martin\u201d: Bicentenario de la Entrevista de Guayaquil, 1822-2022, que se celebr\u00f3 en la ciudad de Caracas los d\u00edas lunes 25, martes 26 y mi\u00e9rcoles 27 de julio.<\/p>\n\n\n\n<p>Desde el Teatro de la Academia Militar del Ej\u00e9rcito Bolivariano (AMEB), en Fuerte Tiuna, el jefe de Estado venezolano, junto a su equipo de gobierno, intelectuales venezolanos e historiadores internacionales, repasa lo que signific\u00f3 el encuentro entre los dos grandes libertadores de Am\u00e9rica del Sur: Sim\u00f3n Bol\u00edvar y Jos\u00e9 de San Mart\u00edn.<\/p>\n\n\n\n<p>El espacio de debate e intercambio de ideas que reuni\u00f3 a 14 pa\u00edses y estuvo organizado por el Centro de Estudios Sim\u00f3n Bol\u00edvar y la Red de Historia \u201cMemoria y Patrimonio\u201d, tambi\u00e9n con presencia de integrantes de la Fuerza Armada Nacional Bolivariana (FANB), cont\u00f3 con la participaci\u00f3n de intelectuales de America Latina y El Caribe, para profundizar en el amistoso y estrat\u00e9gico encuentro de ideas de los gigantes en Guayaquil (Ecuador).<\/p>\n\n\n\n<p>A la fecha, la vigencia del encuentro entre Bol\u00edvar y San Mart\u00edn est\u00e1 intacta, toda vez que este hecho hist\u00f3rico ha motivado en la actualidad la disertaci\u00f3n y el intercambio de ideas en el mundo de la pol\u00edtica, de los historiadores, investigadores y escritores, poniendo en relieve la importancia de los episodios vividos por ambos soldados.<\/p>\n\n\n\n<p>Durante la instalaci\u00f3n de este coloquio, el d\u00eda lunes 25 de julio, el vicepresidente sectorial de Soberan\u00eda Pol\u00edtica, Seguridad y Paz, el general en jefe Vladimir Padrino L\u00f3pez, resalt\u00f3 la trascendencia del encuentro acontecido durante los d\u00edas 26 y 27 de julio de 1822.<\/p>\n\n\n\n<p>\u201cEs una fecha propicia para la discusi\u00f3n, debate y reflexi\u00f3n\u201d, asever\u00f3 Padrino L\u00f3pez, quien record\u00f3 que \u201cel esp\u00edritu de lucha contra el colonialismo, la explotaci\u00f3n y las injusticias en la regi\u00f3n se ha transmitido entre generaciones\u201d.<\/p>\n\n\n\n<p>Una investigaci\u00f3n de la&nbsp;<em>Prensa Presidencial<\/em>&nbsp;<em>de Venezuela<\/em>, rescata que dicho \u201cencuentro realmente m\u00e1s respetuoso y amistoso que pol\u00e9mico, sucede en el a\u00f1o 1822 entre los d\u00edas 26 y 27 de julio en la ciudad de Guayaquil, territorio que Sim\u00f3n Bol\u00edvar hab\u00eda anexado a la Gran Colombia, destacando el Libertador que la \u00e9lite peruana de la \u00e9poca intentaba mutilar a Guayaquil y dejarlo en manos del Per\u00fa. En este contexto tiene lugar la reuni\u00f3n de los dos l\u00edderes suramericanos\u201d.<\/p>\n\n\n\n<p>\u201cEl inter\u00e9s de San Mart\u00edn se centr\u00f3 en obtener el refuerzo militar que ten\u00eda Sim\u00f3n Bol\u00edvar para la derrota realista definitiva y asegurar el respaldo para constituir un gobierno peruano estable bajo la forma institucional de una monarqu\u00eda. Por su parte Bol\u00edvar, en un momento de ascendentes logros militares y pol\u00edticos, buscaba el reconocimiento de Guayaquil y su anexi\u00f3n a Colombia por parte de Jos\u00e9 de San Mart\u00edn y la \u00f3rbita peruana, logrando la unidad americana en forma de Rep\u00fablicas libres y fuertes\u201d, esboza la informaci\u00f3n de la prensa presidencial venezolana.<\/p>\n\n\n\n<p>Acompa\u00f1an al Dignatario venezolano la tarde de este mi\u00e9rcoles, la primera combatiente de la Rep\u00fablica, Cilia Flores; la Vicepresidenta Ejecutiva, Delcy Rodr\u00edguez; el GJ. Vladimir Padrino L\u00f3pez, Vicepresidente Sectorial de Soberan\u00eda Pol\u00edtica, Seguridad y Paz y ministro del Poder Popular para la Defensa; Pedro Calzadilla, Presidente del Consejo Nacional Electoral; Ernesto Villegas, ministro del Poder Popular para la Cultura y Alejandro L\u00f3pez, Presidente del Centro de Estudios Sim\u00f3n Bol\u00edvar.<\/p>\n\n\n\n<p>Tambi\u00e9n participan de esta clausura Sergio Guerra, Presidente Honorario de la Asociaci\u00f3n de Historiadores de Latinoam\u00e9rica y el Caribe; Carina Murua (Historiadora de Argentina) y Adriana Coronel (Historiadora de Ecuador).<\/p>\n\n\n\n<p><strong>Prensa Presidencial \/ Anais P\u00e9rez<\/strong><\/p>\n","protected":false},"excerpt":{"rendered":"<p>Fuerte Tiuna, Caracas.-&nbsp;El presidente de la Rep\u00fablica Bolivariana de Venezuela, Nicol\u00e1s Maduro, lidera clausura del Coloquio Internacional \u201cBol\u00edvar y San Martin\u201d: Bicentenario de la Entrevista de Guayaquil, 1822-2022, que se celebr\u00f3 en la ciudad de Caracas los d\u00edas lunes 25, martes 26 y mi\u00e9rcoles 27 de julio. Desde el Teatro de la Academia Militar del [&hellip;]<\/p>\n","protected":false},"author":6,"featured_media":3173,"comment_status":"open","ping_status":"open","sticky":false,"template":"","format":"standard","meta":{"footnotes":""},"categories":[7],"tags":[],"class_list":["post-3172","post","type-post","status-publish","format-standard","has-post-thumbnail","hentry","category-notas-de-prensa"],"_links":{"self":[{"href":"https:\/\/prensapresidencialvenezuela.gob.ve\/index.php\/wp-json\/wp\/v2\/posts\/3172","targetHints":{"allow":["GET"]}}],"collection":[{"href":"https:\/\/prensapresidencialvenezuela.gob.ve\/index.php\/wp-json\/wp\/v2\/posts"}],"about":[{"href":"https:\/\/prensapresidencialvenezuela.gob.ve\/index.php\/wp-json\/wp\/v2\/types\/post"}],"author":[{"embeddable":true,"href":"https:\/\/prensapresidencialvenezuela.gob.ve\/index.php\/wp-json\/wp\/v2\/users\/6"}],"replies":[{"embeddable":true,"href":"https:\/\/prensapresidencialvenezuela.gob.ve\/index.php\/wp-json\/wp\/v2\/comments?post=3172"}],"version-history":[{"count":1,"href":"https:\/\/prensapresidencialvenezuela.gob.ve\/index.php\/wp-json\/wp\/v2\/posts\/3172\/revisions"}],"predecessor-version":[{"id":3174,"href":"https:\/\/prensapresidencialvenezuela.gob.ve\/index.php\/wp-json\/wp\/v2\/posts\/3172\/revisions\/3174"}],"wp:featuredmedia":[{"embeddable":true,"href":"https:\/\/prensapresidencialvenezuela.gob.ve\/index.php\/wp-json\/wp\/v2\/media\/3173"}],"wp:attachment":[{"href":"https:\/\/prensapresidencialvenezuela.gob.ve\/index.php\/wp-json\/wp\/v2\/media?parent=3172"}],"wp:term":[{"taxonomy":"category","embeddable":true,"href":"https:\/\/prensapresidencialvenezuela.gob.ve\/index.php\/wp-json\/wp\/v2\/categories?post=3172"},{"taxonomy":"post_tag","embeddable":true,"href":"https:\/\/prensapresidencialvenezuela.gob.ve\/index.php\/wp-json\/wp\/v2\/tags?post=3172"}],"curies":[{"name":"wp","href":"https:\/\/api.w.org\/{rel}","templated":true}]}}