{"id":3178,"date":"2022-07-28T17:32:28","date_gmt":"2022-07-28T17:32:28","guid":{"rendered":"http:\/\/172.27.0.121\/?p=3178"},"modified":"2022-07-28T17:32:28","modified_gmt":"2022-07-28T17:32:28","slug":"presidente-maduro-hay-un-despertar-de-liberacion-en-america","status":"publish","type":"post","link":"https:\/\/prensapresidencialvenezuela.gob.ve\/index.php\/2022\/07\/28\/presidente-maduro-hay-un-despertar-de-liberacion-en-america\/","title":{"rendered":"Presidente Maduro: Hay un despertar de liberaci\u00f3n en Am\u00e9rica"},"content":{"rendered":"\n<p><strong>Fuerte Tiuna, Caracas.-<\/strong>&nbsp;Al asegurar que Am\u00e9rica Latina vive un despertar de una segunda ola de liberaci\u00f3n marcada por grandes ideas de uni\u00f3n y esperanza, el presidente de la Rep\u00fablica, Nicol\u00e1s Maduro exalt\u00f3 el esp\u00edritu rebelde de los pueblos del mundo \u201cque van encontrando su camino paso a paso\u201d.<\/p>\n\n\n\n<p>Desde el Teatro de la Academia Militar del Ej\u00e9rcito Bolivariano, en Fuerte Tiuna, durante la clausura del Coloquio Internacional \u201cBol\u00edvar y San Mart\u00edn\u201d: Bicentenario de la Entrevista de Guayaquil, 1822-2022, el Dignatario asegur\u00f3 que Am\u00e9rica est\u00e1 marcada por un ritmo hist\u00f3rico que tiene sus ra\u00edces en las luchas que permitieron la liberaci\u00f3n del dominio espa\u00f1ol.<\/p>\n\n\n\n<p>\u201cAyer fuimos un pueblo en armas hecho ej\u00e9rcito y ese pueblo en armas logr\u00f3 expulsar el dominio de 300 a\u00f1os de un imperio que basaba su dominaci\u00f3n m\u00e1s en el enga\u00f1o, en la superstici\u00f3n, m\u00e1s en la manipulaci\u00f3n, m\u00e1s en la ignorancia que en la fuerza\u201d, apunt\u00f3.<\/p>\n\n\n\n<p>En contexto, asegur\u00f3 que el dominio espa\u00f1ol pretendi\u00f3 exterminar las culturas originarias y la identidad propia de todo un continente. \u201cFueron 300 a\u00f1os clavando sus garras y cortando cualquier posibilidad de liberaci\u00f3n y vino el momento cumbre de la luz y energ\u00eda, de la fuerza y de la victoria. Un despertar maravilloso que encabezaron nuestros l\u00edderes\u201d.<\/p>\n\n\n\n<p>En este sentido, exhort\u00f3 a los venezolanos y las venezolanas a revisar la historia \u201cque nos obliga siempre a estudiar los momentos que marcaron las grandes ideas. Hay que conocer la historia, de d\u00f3nde venimos. Nuestro destino es la uni\u00f3n, es la libertad. \u00a1Que viva Jos\u00e9 de San Mart\u00edn!, \u00a1Que viva el gran Libertador Sim\u00f3n Bol\u00edvar!\u201d, concluy\u00f3.<\/p>\n\n\n\n<p><strong>Prensa Presidencial \/ Joelin Jim\u00e9nez<\/strong><a rel=\"noreferrer noopener\" href=\"https:\/\/mail.google.com\/mail\/u\/0\/?view=cm&amp;fs=1&amp;su=Presidente+Maduro%3A+Hay+un+despertar+de+liberaci%C3%B3n+en+Am%C3%A9rica&amp;body=http:\/\/www.minci.gob.ve\/presidente-maduro-hay-un-despertar-de-liberacion-en-america\/&amp;ui=2&amp;tf=1\" target=\"_blank\"><\/a><\/p>\n","protected":false},"excerpt":{"rendered":"<p>Fuerte Tiuna, Caracas.-&nbsp;Al asegurar que Am\u00e9rica Latina vive un despertar de una segunda ola de liberaci\u00f3n marcada por grandes ideas de uni\u00f3n y esperanza, el presidente de la Rep\u00fablica, Nicol\u00e1s Maduro exalt\u00f3 el esp\u00edritu rebelde de los pueblos del mundo \u201cque van encontrando su camino paso a paso\u201d. Desde el Teatro de la Academia Militar [&hellip;]<\/p>\n","protected":false},"author":6,"featured_media":3179,"comment_status":"open","ping_status":"open","sticky":false,"template":"","format":"standard","meta":{"footnotes":""},"categories":[7],"tags":[],"class_list":["post-3178","post","type-post","status-publish","format-standard","has-post-thumbnail","hentry","category-notas-de-prensa"],"_links":{"self":[{"href":"https:\/\/prensapresidencialvenezuela.gob.ve\/index.php\/wp-json\/wp\/v2\/posts\/3178","targetHints":{"allow":["GET"]}}],"collection":[{"href":"https:\/\/prensapresidencialvenezuela.gob.ve\/index.php\/wp-json\/wp\/v2\/posts"}],"about":[{"href":"https:\/\/prensapresidencialvenezuela.gob.ve\/index.php\/wp-json\/wp\/v2\/types\/post"}],"author":[{"embeddable":true,"href":"https:\/\/prensapresidencialvenezuela.gob.ve\/index.php\/wp-json\/wp\/v2\/users\/6"}],"replies":[{"embeddable":true,"href":"https:\/\/prensapresidencialvenezuela.gob.ve\/index.php\/wp-json\/wp\/v2\/comments?post=3178"}],"version-history":[{"count":1,"href":"https:\/\/prensapresidencialvenezuela.gob.ve\/index.php\/wp-json\/wp\/v2\/posts\/3178\/revisions"}],"predecessor-version":[{"id":3180,"href":"https:\/\/prensapresidencialvenezuela.gob.ve\/index.php\/wp-json\/wp\/v2\/posts\/3178\/revisions\/3180"}],"wp:featuredmedia":[{"embeddable":true,"href":"https:\/\/prensapresidencialvenezuela.gob.ve\/index.php\/wp-json\/wp\/v2\/media\/3179"}],"wp:attachment":[{"href":"https:\/\/prensapresidencialvenezuela.gob.ve\/index.php\/wp-json\/wp\/v2\/media?parent=3178"}],"wp:term":[{"taxonomy":"category","embeddable":true,"href":"https:\/\/prensapresidencialvenezuela.gob.ve\/index.php\/wp-json\/wp\/v2\/categories?post=3178"},{"taxonomy":"post_tag","embeddable":true,"href":"https:\/\/prensapresidencialvenezuela.gob.ve\/index.php\/wp-json\/wp\/v2\/tags?post=3178"}],"curies":[{"name":"wp","href":"https:\/\/api.w.org\/{rel}","templated":true}]}}