{"id":3185,"date":"2022-07-29T01:03:25","date_gmt":"2022-07-29T01:03:25","guid":{"rendered":"http:\/\/172.27.0.121\/?p=3185"},"modified":"2022-07-29T01:03:25","modified_gmt":"2022-07-29T01:03:25","slug":"ejecutivo-celebra-68-anos-del-nacimiento-del-comandante-hugo-chavez","status":"publish","type":"post","link":"https:\/\/prensapresidencialvenezuela.gob.ve\/index.php\/2022\/07\/29\/ejecutivo-celebra-68-anos-del-nacimiento-del-comandante-hugo-chavez\/","title":{"rendered":"Ejecutivo celebra 68 a\u00f1os del nacimiento del Comandante Hugo Ch\u00e1vez"},"content":{"rendered":"\n<p><strong>La Casona, estado Miranda.-<\/strong>&nbsp;Los espacios de La Casona Cultural Aquiles Nazoa, ubicada en el estado Miranda, se convierten en el epicentro de la cultura venezolana para rendir homenaje al Comandante Supremo Hugo Ch\u00e1vez Fr\u00edas a prop\u00f3sito del 68\u00b0 aniversario de su natalicio.<\/p>\n\n\n\n<p>El evento que reivindica el legado moral, \u00e9tico y revolucionario del nacido en Sabaneta, localidad del estado Barinas, cuenta con la participaci\u00f3n del presidente de la Rep\u00fablica, Nicol\u00e1s Maduro, y de la primera combatiente y diputada de la Asamblea Nacional, Cilia Flores.<\/p>\n\n\n\n<p>La m\u00fasica tambi\u00e9n tiene presencia con artistas de reconocida trayectoria como Luc\u00eda Valentina, Luis Lozada \u201cEl Cubiro\u201d, Oriana Ramos, Crist\u00f3bal Jim\u00e9nez, Vidal Colmenares y Francisco Pacheco, adem\u00e1s de la Orquesta Filarm\u00f3nica Nacional de Venezuela, dirigida por el maestro Rub\u00e9n Capriles.<\/p>\n\n\n\n<p>De igual manera, se proyectan videos que recuerdan los momentos destacados durante su ejercicio pol\u00edtico, fundamentalmente durante su periodo como Presidente de la Rep\u00fablica Bolivariana de Venezuela.<\/p>\n\n\n\n<p>Al acto cultural que inicia con&nbsp;la actuaci\u00f3n del Movimiento Nacional de Danza \u201cJuana La Avanzadora\u201d, asisten representantes del Ejecutivo Nacional, as\u00ed como el presidente de la Asamblea Nacional, Jorge Rodr\u00edguez; integrantes del Alto Mando Militar y familiares del l\u00edder de la Revoluci\u00f3n Bolivariana.<\/p>\n\n\n\n<p><strong>Prensa Presidencial \/ Joelin Jim\u00e9nez<\/strong><\/p>\n","protected":false},"excerpt":{"rendered":"<p>La Casona, estado Miranda.-&nbsp;Los espacios de La Casona Cultural Aquiles Nazoa, ubicada en el estado Miranda, se convierten en el epicentro de la cultura venezolana para rendir homenaje al Comandante Supremo Hugo Ch\u00e1vez Fr\u00edas a prop\u00f3sito del 68\u00b0 aniversario de su natalicio. El evento que reivindica el legado moral, \u00e9tico y revolucionario del nacido en [&hellip;]<\/p>\n","protected":false},"author":6,"featured_media":3186,"comment_status":"open","ping_status":"open","sticky":false,"template":"","format":"standard","meta":{"footnotes":""},"categories":[7],"tags":[],"class_list":["post-3185","post","type-post","status-publish","format-standard","has-post-thumbnail","hentry","category-notas-de-prensa"],"_links":{"self":[{"href":"https:\/\/prensapresidencialvenezuela.gob.ve\/index.php\/wp-json\/wp\/v2\/posts\/3185","targetHints":{"allow":["GET"]}}],"collection":[{"href":"https:\/\/prensapresidencialvenezuela.gob.ve\/index.php\/wp-json\/wp\/v2\/posts"}],"about":[{"href":"https:\/\/prensapresidencialvenezuela.gob.ve\/index.php\/wp-json\/wp\/v2\/types\/post"}],"author":[{"embeddable":true,"href":"https:\/\/prensapresidencialvenezuela.gob.ve\/index.php\/wp-json\/wp\/v2\/users\/6"}],"replies":[{"embeddable":true,"href":"https:\/\/prensapresidencialvenezuela.gob.ve\/index.php\/wp-json\/wp\/v2\/comments?post=3185"}],"version-history":[{"count":1,"href":"https:\/\/prensapresidencialvenezuela.gob.ve\/index.php\/wp-json\/wp\/v2\/posts\/3185\/revisions"}],"predecessor-version":[{"id":3187,"href":"https:\/\/prensapresidencialvenezuela.gob.ve\/index.php\/wp-json\/wp\/v2\/posts\/3185\/revisions\/3187"}],"wp:featuredmedia":[{"embeddable":true,"href":"https:\/\/prensapresidencialvenezuela.gob.ve\/index.php\/wp-json\/wp\/v2\/media\/3186"}],"wp:attachment":[{"href":"https:\/\/prensapresidencialvenezuela.gob.ve\/index.php\/wp-json\/wp\/v2\/media?parent=3185"}],"wp:term":[{"taxonomy":"category","embeddable":true,"href":"https:\/\/prensapresidencialvenezuela.gob.ve\/index.php\/wp-json\/wp\/v2\/categories?post=3185"},{"taxonomy":"post_tag","embeddable":true,"href":"https:\/\/prensapresidencialvenezuela.gob.ve\/index.php\/wp-json\/wp\/v2\/tags?post=3185"}],"curies":[{"name":"wp","href":"https:\/\/api.w.org\/{rel}","templated":true}]}}