{"id":3188,"date":"2022-07-29T01:04:49","date_gmt":"2022-07-29T01:04:49","guid":{"rendered":"http:\/\/172.27.0.121\/?p=3188"},"modified":"2022-07-29T01:04:49","modified_gmt":"2022-07-29T01:04:49","slug":"caracas-y-bogota-avanzan-en-agenda-de-cooperacion-de-cara-a-restitucion-de-relaciones","status":"publish","type":"post","link":"https:\/\/prensapresidencialvenezuela.gob.ve\/index.php\/2022\/07\/29\/caracas-y-bogota-avanzan-en-agenda-de-cooperacion-de-cara-a-restitucion-de-relaciones\/","title":{"rendered":"Caracas y Bogot\u00e1 avanzan en agenda de cooperaci\u00f3n de cara a restituci\u00f3n de relaciones"},"content":{"rendered":"\n<p><strong>La Casona, estado Miranda.-<\/strong>&nbsp;En torno a 14 temas gir\u00f3 la reuni\u00f3n sostenida este jueves entre el ministro de Relaciones Exteriores de Venezuela, Carlos Far\u00eda y el canciller designado por el gobierno de Gustavo Petro, \u00c1lvaro Leyva, inform\u00f3 el presidente venezolano, Nicol\u00e1s Maduro.<\/p>\n\n\n\n<p>Entre los temas abordados destacan: las oportunidades que se abren para la regi\u00f3n fronteriza y toda la regi\u00f3n occidental del pa\u00eds, los planes de paz, seguridad y la apertura progresiva, econ\u00f3mica y comercial de la l\u00ednea colindante entre ambas naciones.<\/p>\n\n\n\n<p>\u201cFue una reuni\u00f3n virtuosa, de uni\u00f3n en el esp\u00edritu de Bol\u00edvar, fue una reuni\u00f3n que nos dice que el futuro que viene va ser mejor\u201d, dijo el Mandatario venezolano durante la celebraci\u00f3n del natalicio del Comandante Eterno Hugo Ch\u00e1vez.<\/p>\n\n\n\n<p>En sus palabras el presidente Maduro agradeci\u00f3 a su hom\u00f3logo colombiano, Gustavo Petro, por haber enviado al representante diplom\u00e1tico de su gobierno para sostener este primer acercamiento tras resultar electo, el pasado 19 de junio, para llevar las riendas del pa\u00eds neogranadino.<\/p>\n\n\n\n<p>\u201cColombia y Venezuela nos reencontramos en paz, en amor y en libertad, viendo al futuro\u201d, expres\u00f3 Maduro tras afirmar que la conversaci\u00f3n, entre ambos funcionarios, se dio de forma extraordinaria.<\/p>\n\n\n\n<p>Agreg\u00f3 el Jefe de Estado venezolano que Bogot\u00e1 y Colombia tienen que marchar juntas, fusionadas detr\u00e1s de un solo ideal: la paz, la colaboraci\u00f3n y la integraci\u00f3n.<\/p>\n\n\n\n<p>M\u00e1s temprano el ministro de Relaciones Exteriores de Venezuela, Carlos Far\u00eda,&nbsp;anunci\u00f3 que ambas naciones restablecer\u00e1n las relaciones diplom\u00e1ticas en todos los niveles, partiendo por el nombramiento de Embajadores, una vez que Petro asuma como presidente de Colombia, el pr\u00f3ximo 7 de agosto.<\/p>\n\n\n\n<p><strong>Prensa Presidencial \/ Bianca Borrero<\/strong><\/p>\n","protected":false},"excerpt":{"rendered":"<p>La Casona, estado Miranda.-&nbsp;En torno a 14 temas gir\u00f3 la reuni\u00f3n sostenida este jueves entre el ministro de Relaciones Exteriores de Venezuela, Carlos Far\u00eda y el canciller designado por el gobierno de Gustavo Petro, \u00c1lvaro Leyva, inform\u00f3 el presidente venezolano, Nicol\u00e1s Maduro. Entre los temas abordados destacan: las oportunidades que se abren para la regi\u00f3n [&hellip;]<\/p>\n","protected":false},"author":6,"featured_media":3189,"comment_status":"open","ping_status":"open","sticky":false,"template":"","format":"standard","meta":{"footnotes":""},"categories":[7],"tags":[],"class_list":["post-3188","post","type-post","status-publish","format-standard","has-post-thumbnail","hentry","category-notas-de-prensa"],"_links":{"self":[{"href":"https:\/\/prensapresidencialvenezuela.gob.ve\/index.php\/wp-json\/wp\/v2\/posts\/3188","targetHints":{"allow":["GET"]}}],"collection":[{"href":"https:\/\/prensapresidencialvenezuela.gob.ve\/index.php\/wp-json\/wp\/v2\/posts"}],"about":[{"href":"https:\/\/prensapresidencialvenezuela.gob.ve\/index.php\/wp-json\/wp\/v2\/types\/post"}],"author":[{"embeddable":true,"href":"https:\/\/prensapresidencialvenezuela.gob.ve\/index.php\/wp-json\/wp\/v2\/users\/6"}],"replies":[{"embeddable":true,"href":"https:\/\/prensapresidencialvenezuela.gob.ve\/index.php\/wp-json\/wp\/v2\/comments?post=3188"}],"version-history":[{"count":1,"href":"https:\/\/prensapresidencialvenezuela.gob.ve\/index.php\/wp-json\/wp\/v2\/posts\/3188\/revisions"}],"predecessor-version":[{"id":3190,"href":"https:\/\/prensapresidencialvenezuela.gob.ve\/index.php\/wp-json\/wp\/v2\/posts\/3188\/revisions\/3190"}],"wp:featuredmedia":[{"embeddable":true,"href":"https:\/\/prensapresidencialvenezuela.gob.ve\/index.php\/wp-json\/wp\/v2\/media\/3189"}],"wp:attachment":[{"href":"https:\/\/prensapresidencialvenezuela.gob.ve\/index.php\/wp-json\/wp\/v2\/media?parent=3188"}],"wp:term":[{"taxonomy":"category","embeddable":true,"href":"https:\/\/prensapresidencialvenezuela.gob.ve\/index.php\/wp-json\/wp\/v2\/categories?post=3188"},{"taxonomy":"post_tag","embeddable":true,"href":"https:\/\/prensapresidencialvenezuela.gob.ve\/index.php\/wp-json\/wp\/v2\/tags?post=3188"}],"curies":[{"name":"wp","href":"https:\/\/api.w.org\/{rel}","templated":true}]}}