{"id":3199,"date":"2022-07-29T01:49:10","date_gmt":"2022-07-29T01:49:10","guid":{"rendered":"http:\/\/172.27.0.121\/?p=3199"},"modified":"2022-07-29T01:49:10","modified_gmt":"2022-07-29T01:49:10","slug":"presidente-maduro-hoy-podemos-decirle-a-chavez-que-estamos-unidos-y-en-combate","status":"publish","type":"post","link":"https:\/\/prensapresidencialvenezuela.gob.ve\/index.php\/2022\/07\/29\/presidente-maduro-hoy-podemos-decirle-a-chavez-que-estamos-unidos-y-en-combate\/","title":{"rendered":"Presidente Maduro: Hoy podemos decirle a Ch\u00e1vez que estamos unidos y en combate"},"content":{"rendered":"\n<p><strong>La Casona, estado Miranda.-<\/strong>&nbsp;\u201cHoy podemos decir, cuando \u2013Hugo- Ch\u00e1vez cumple 68 a\u00f1os, que estamos unidos, en combate, con una sonrisa viendo al futuro, con certeza, esperanza y optimismo\u201d.<\/p>\n\n\n\n<p>Las palabras corresponden al presidente de la Rep\u00fablica, Nicol\u00e1s Maduro Moros, al unirse a la celebraci\u00f3n popular con motivo de cumplirse 68 a\u00f1os del natalicio del gigante latinoamericano.<\/p>\n\n\n\n<p>Refiri\u00f3 Maduro que en todos los municipios del pa\u00eds se festej\u00f3 el nacimiento del Comandante Eterno Hugo Ch\u00e1vez, porque \u201cel pueblo le prende una vela a Ch\u00e1vez, el pueblo le eleva una oraci\u00f3n a Ch\u00e1vez, el pueblo le tiene fe a Ch\u00e1vez, porque \u00a1Ch\u00e1vez est\u00e1 vivo!\u201d.<\/p>\n\n\n\n<p>Desde La Casona Cultural Aquiles Nazoa, ubicada en el estado Miranda, donde se dieron cita cantautores, familiares y amigos del l\u00edder bolivariano, el Presidente asever\u00f3 que gracias a la unidad entre los patriotas en torno a los ideales chavistas es que Venezuela ha podido enfrentar y derrotar todas las amenazas, conspiraciones e intentos de divisi\u00f3n.<\/p>\n\n\n\n<p>\u201cCh\u00e1vez est\u00e1 entre nosotros y sigue aqu\u00ed en nuestra batalla, d\u00e1ndonos su fuerza\u201d concluy\u00f3.<\/p>\n\n\n\n<p><strong>Prensa Presidencial&nbsp;<\/strong><\/p>\n","protected":false},"excerpt":{"rendered":"<p>La Casona, estado Miranda.-&nbsp;\u201cHoy podemos decir, cuando \u2013Hugo- Ch\u00e1vez cumple 68 a\u00f1os, que estamos unidos, en combate, con una sonrisa viendo al futuro, con certeza, esperanza y optimismo\u201d. Las palabras corresponden al presidente de la Rep\u00fablica, Nicol\u00e1s Maduro Moros, al unirse a la celebraci\u00f3n popular con motivo de cumplirse 68 a\u00f1os del natalicio del gigante [&hellip;]<\/p>\n","protected":false},"author":6,"featured_media":3200,"comment_status":"open","ping_status":"open","sticky":false,"template":"","format":"standard","meta":{"footnotes":""},"categories":[7],"tags":[],"class_list":["post-3199","post","type-post","status-publish","format-standard","has-post-thumbnail","hentry","category-notas-de-prensa"],"_links":{"self":[{"href":"https:\/\/prensapresidencialvenezuela.gob.ve\/index.php\/wp-json\/wp\/v2\/posts\/3199","targetHints":{"allow":["GET"]}}],"collection":[{"href":"https:\/\/prensapresidencialvenezuela.gob.ve\/index.php\/wp-json\/wp\/v2\/posts"}],"about":[{"href":"https:\/\/prensapresidencialvenezuela.gob.ve\/index.php\/wp-json\/wp\/v2\/types\/post"}],"author":[{"embeddable":true,"href":"https:\/\/prensapresidencialvenezuela.gob.ve\/index.php\/wp-json\/wp\/v2\/users\/6"}],"replies":[{"embeddable":true,"href":"https:\/\/prensapresidencialvenezuela.gob.ve\/index.php\/wp-json\/wp\/v2\/comments?post=3199"}],"version-history":[{"count":1,"href":"https:\/\/prensapresidencialvenezuela.gob.ve\/index.php\/wp-json\/wp\/v2\/posts\/3199\/revisions"}],"predecessor-version":[{"id":3201,"href":"https:\/\/prensapresidencialvenezuela.gob.ve\/index.php\/wp-json\/wp\/v2\/posts\/3199\/revisions\/3201"}],"wp:featuredmedia":[{"embeddable":true,"href":"https:\/\/prensapresidencialvenezuela.gob.ve\/index.php\/wp-json\/wp\/v2\/media\/3200"}],"wp:attachment":[{"href":"https:\/\/prensapresidencialvenezuela.gob.ve\/index.php\/wp-json\/wp\/v2\/media?parent=3199"}],"wp:term":[{"taxonomy":"category","embeddable":true,"href":"https:\/\/prensapresidencialvenezuela.gob.ve\/index.php\/wp-json\/wp\/v2\/categories?post=3199"},{"taxonomy":"post_tag","embeddable":true,"href":"https:\/\/prensapresidencialvenezuela.gob.ve\/index.php\/wp-json\/wp\/v2\/tags?post=3199"}],"curies":[{"name":"wp","href":"https:\/\/api.w.org\/{rel}","templated":true}]}}