{"id":3222,"date":"2022-08-05T21:59:21","date_gmt":"2022-08-05T21:59:21","guid":{"rendered":"http:\/\/172.27.0.121\/?p=3222"},"modified":"2022-08-05T21:59:21","modified_gmt":"2022-08-05T21:59:21","slug":"ejecutivo-ofrece-balance-del-1x10-del-buen-gobierno-y-despliegue-de-bricomiles","status":"publish","type":"post","link":"https:\/\/prensapresidencialvenezuela.gob.ve\/index.php\/2022\/08\/05\/ejecutivo-ofrece-balance-del-1x10-del-buen-gobierno-y-despliegue-de-bricomiles\/","title":{"rendered":"Ejecutivo ofrece balance del 1&#215;10 del Buen Gobierno y despliegue de BRICOMILES"},"content":{"rendered":"\n<p><strong>Parque Ezequiel Zamora, Caracas. \u2013<\/strong>&nbsp; El presidente de la Rep\u00fablica Bolivariana de Venezuela, Nicol\u00e1s Maduro Moros, presenta la tarde de este viernes, un balance de las Brigadas Comunitarias Militares para la Salud y la Educaci\u00f3n (BRICOMILES) que trabaja mancomunadamente con el Sistema del 1&#215;10 para el Buen Gobierno.<\/p>\n\n\n\n<p>La base de las BRICOMILES, conformada por el pueblo organizado y la Fuerza Armada Nacional Bolivariana (FANB), tienen como objetivo la resoluci\u00f3n problemas en infraestructuras educativas y de salud; dando as\u00ed respuesta efectiva al pueblo venezolano que realiza las alertas a trav\u00e9s de la aplicaci\u00f3n tecnol\u00f3gica VenApp.<\/p>\n\n\n\n<p>M\u00e1s temprano, el Jefe de Estado destac\u00f3 la fuerza creciente de la uni\u00f3n c\u00edvico-militar, que garantiza el \u00e9xito para dar soluciones en \u00e1reas priorizadas.<\/p>\n\n\n\n<p>\u00ab\u00a1Aj\u00e1, Pendiente y Vista! El Sistema 1&#215;10 del Buen Gobierno y las BRICOMILES llegaron para unir m\u00e1s al pueblo y a la FANB. Una creaci\u00f3n maravillosa que sigue dando resultados exitosos y eficientes en la salud y la educaci\u00f3n de los ni\u00f1os, ni\u00f1as y j\u00f3venes de la Patria\u00bb, escribi\u00f3 a trav\u00e9s de su cuenta en la red social Twitter @NicolasMaduro.<\/p>\n\n\n\n<p>Acompa\u00f1an al presidente Maduro, la vicepresidenta sectorial de Ciencia, Tecnolog\u00eda, Educaci\u00f3n y Salud, Gabriela Jim\u00e9nez y los titulares de las carteras de Educaci\u00f3n y Atenci\u00f3n de las Aguas, Yelitze Santaella y Rodolfo Marcos Torres.<\/p>\n\n\n\n<p><strong>Prensa Presidencial\/Eduardo Hueck<\/strong><\/p>\n\n\n<p><\/p>","protected":false},"excerpt":{"rendered":"<p>Parque Ezequiel Zamora, Caracas. \u2013&nbsp; El presidente de la Rep\u00fablica Bolivariana de Venezuela, Nicol\u00e1s Maduro Moros, presenta la tarde de este viernes, un balance de las Brigadas Comunitarias Militares para la Salud y la Educaci\u00f3n (BRICOMILES) que trabaja mancomunadamente con el Sistema del 1&#215;10 para el Buen Gobierno. La base de las BRICOMILES, conformada por [&hellip;]<\/p>\n","protected":false},"author":6,"featured_media":3224,"comment_status":"open","ping_status":"open","sticky":false,"template":"","format":"standard","meta":{"footnotes":""},"categories":[18,7,1],"tags":[],"class_list":["post-3222","post","type-post","status-publish","format-standard","has-post-thumbnail","hentry","category-noticias-principales","category-notas-de-prensa","category-sin-categoria"],"_links":{"self":[{"href":"https:\/\/prensapresidencialvenezuela.gob.ve\/index.php\/wp-json\/wp\/v2\/posts\/3222","targetHints":{"allow":["GET"]}}],"collection":[{"href":"https:\/\/prensapresidencialvenezuela.gob.ve\/index.php\/wp-json\/wp\/v2\/posts"}],"about":[{"href":"https:\/\/prensapresidencialvenezuela.gob.ve\/index.php\/wp-json\/wp\/v2\/types\/post"}],"author":[{"embeddable":true,"href":"https:\/\/prensapresidencialvenezuela.gob.ve\/index.php\/wp-json\/wp\/v2\/users\/6"}],"replies":[{"embeddable":true,"href":"https:\/\/prensapresidencialvenezuela.gob.ve\/index.php\/wp-json\/wp\/v2\/comments?post=3222"}],"version-history":[{"count":2,"href":"https:\/\/prensapresidencialvenezuela.gob.ve\/index.php\/wp-json\/wp\/v2\/posts\/3222\/revisions"}],"predecessor-version":[{"id":3225,"href":"https:\/\/prensapresidencialvenezuela.gob.ve\/index.php\/wp-json\/wp\/v2\/posts\/3222\/revisions\/3225"}],"wp:featuredmedia":[{"embeddable":true,"href":"https:\/\/prensapresidencialvenezuela.gob.ve\/index.php\/wp-json\/wp\/v2\/media\/3224"}],"wp:attachment":[{"href":"https:\/\/prensapresidencialvenezuela.gob.ve\/index.php\/wp-json\/wp\/v2\/media?parent=3222"}],"wp:term":[{"taxonomy":"category","embeddable":true,"href":"https:\/\/prensapresidencialvenezuela.gob.ve\/index.php\/wp-json\/wp\/v2\/categories?post=3222"},{"taxonomy":"post_tag","embeddable":true,"href":"https:\/\/prensapresidencialvenezuela.gob.ve\/index.php\/wp-json\/wp\/v2\/tags?post=3222"}],"curies":[{"name":"wp","href":"https:\/\/api.w.org\/{rel}","templated":true}]}}