{"id":3248,"date":"2022-08-09T18:02:26","date_gmt":"2022-08-09T18:02:26","guid":{"rendered":"http:\/\/172.27.0.121\/?p=3248"},"modified":"2022-08-09T18:02:26","modified_gmt":"2022-08-09T18:02:26","slug":"presidente-maduro-encabeza-balance-del-congreso-de-la-nueva-epoca","status":"publish","type":"post","link":"https:\/\/prensapresidencialvenezuela.gob.ve\/index.php\/2022\/08\/09\/presidente-maduro-encabeza-balance-del-congreso-de-la-nueva-epoca\/","title":{"rendered":"Presidente Maduro encabeza balance del Congreso de la Nueva \u00c9poca"},"content":{"rendered":"\n<p><strong>Teatro Teresa Carre\u00f1o, Caracas.-<\/strong>&nbsp;El presidente de la Rep\u00fablica Bolivariana de Venezuela, Nicol\u00e1s Maduro, lidera jornada de balance del Congreso de la Nueva \u00c9poca, desde el Teatro Teresa Carre\u00f1o, en la ciudad de Caracas.<\/p>\n\n\n\n<p>Tras su lanzamiento el pasado 8 de julio de 2022, este congreso vuelve a reunirse aglutinando a voceros de los movimientos sociales, as\u00ed como a sectores sociales como la juventud, mujeres, campesinos, pescadores, diversidad sexual, trabajadores y afrodescendientes.<\/p>\n\n\n\n<p>La g\u00e9nesis del Congreso de la Nueva \u00c9poca coincide con el planteamiento del jefe de Estado venezolano, quien desde inicios de este a\u00f1o exhort\u00f3 a \u201ctodos los bolivarianos, revolucionarios, chavistas y, sobre todo, a aquellos que amen su Patria, forjar una mirada de la construcci\u00f3n del proyecto bolivariano en esta nueva etapa 2022-2030\u201d.<\/p>\n\n\n\n<p>El Dignatario ha enfatizado la importancia del debate de las 3R.NETS para revolucionar todo lo que se deba revolucionar, raz\u00f3n por la cual ha convocado un proceso de construcci\u00f3n, de agrupaci\u00f3n y creaci\u00f3n de un movimiento de movimientos que hoy lleva por nombre, precisamente, Congreso de la Nueva \u00c9poca.<\/p>\n\n\n\n<p>Se prev\u00e9 que en esta jornada se concrete el lanzamiento del Movimiento \u201cEsto es Venezuela\u201d, dedicado a movilizar nacional e internacionalmente a l\u00edderes y lideresas contra el bloqueo hacia el pueblo<br>venezolano, as\u00ed como resaltar las potencialidades de la Patria.<\/p>\n\n\n\n<p>Adem\u00e1s, se presentar\u00e1 al presidente Nicol\u00e1s Maduro el Informe sobre la Acciones del Congreso de la Nueva \u00c9poca. Por otro lado, se anunciar\u00e1n las pr\u00f3ximas etapas del Congreso, actividades concretas para el \u00faltimo semestre del 2022 y l\u00edneas de acci\u00f3n enfocadas a la Venezuela 2030.<\/p>\n\n\n\n<p>El Mandatario nacional est\u00e1 acompa\u00f1ado por Diosdado Cabello, Primer Vicepresidente del Partido Socialista Unido de Venezuela (PSUV); Cilia Flores, primera combatiente y miembro del Buro Pol\u00edtico Nacional del PSUV; Jorge Rodr\u00edguez, Vicepresidente de Comunicaci\u00f3n y Asuntos Electorales; H\u00e9ctor Rodr\u00edguez, Vicepresidente de Alianzas y Gran Polo Patri\u00f3tico \u201cSim\u00f3n Bol\u00edvar\u201d; Fidel Ernesto V\u00e1squez, y Secretario Ejecutivo del PSUV.<\/p>\n\n\n\n<p>Tambi\u00e9n se contempla la asistencia de Gobernadores y Gobernadoras, Diputados y Diputadas a la Asamblea Nacional, Equipo Promotor Nacional de los Movimientos Sociales Nacionales, integrado por 420 l\u00edderes y lideresas de los 42 Movimientos Sociales Nacionales; Equipos Promotores de Caracas, Miranda y la Guaira, Aragua, Carabobo, Gu\u00e1rico y Yaracuy del Congreso de la Nueva \u00c9poca.<\/p>\n\n\n\n<p><strong>Prensa Presidencial \/ Anais P\u00e9rez<\/strong><\/p>\n","protected":false},"excerpt":{"rendered":"<p>Teatro Teresa Carre\u00f1o, Caracas.-&nbsp;El presidente de la Rep\u00fablica Bolivariana de Venezuela, Nicol\u00e1s Maduro, lidera jornada de balance del Congreso de la Nueva \u00c9poca, desde el Teatro Teresa Carre\u00f1o, en la ciudad de Caracas. Tras su lanzamiento el pasado 8 de julio de 2022, este congreso vuelve a reunirse aglutinando a voceros de los movimientos sociales, [&hellip;]<\/p>\n","protected":false},"author":6,"featured_media":3249,"comment_status":"open","ping_status":"open","sticky":false,"template":"","format":"standard","meta":{"footnotes":""},"categories":[7],"tags":[],"class_list":["post-3248","post","type-post","status-publish","format-standard","has-post-thumbnail","hentry","category-notas-de-prensa"],"_links":{"self":[{"href":"https:\/\/prensapresidencialvenezuela.gob.ve\/index.php\/wp-json\/wp\/v2\/posts\/3248","targetHints":{"allow":["GET"]}}],"collection":[{"href":"https:\/\/prensapresidencialvenezuela.gob.ve\/index.php\/wp-json\/wp\/v2\/posts"}],"about":[{"href":"https:\/\/prensapresidencialvenezuela.gob.ve\/index.php\/wp-json\/wp\/v2\/types\/post"}],"author":[{"embeddable":true,"href":"https:\/\/prensapresidencialvenezuela.gob.ve\/index.php\/wp-json\/wp\/v2\/users\/6"}],"replies":[{"embeddable":true,"href":"https:\/\/prensapresidencialvenezuela.gob.ve\/index.php\/wp-json\/wp\/v2\/comments?post=3248"}],"version-history":[{"count":1,"href":"https:\/\/prensapresidencialvenezuela.gob.ve\/index.php\/wp-json\/wp\/v2\/posts\/3248\/revisions"}],"predecessor-version":[{"id":3250,"href":"https:\/\/prensapresidencialvenezuela.gob.ve\/index.php\/wp-json\/wp\/v2\/posts\/3248\/revisions\/3250"}],"wp:featuredmedia":[{"embeddable":true,"href":"https:\/\/prensapresidencialvenezuela.gob.ve\/index.php\/wp-json\/wp\/v2\/media\/3249"}],"wp:attachment":[{"href":"https:\/\/prensapresidencialvenezuela.gob.ve\/index.php\/wp-json\/wp\/v2\/media?parent=3248"}],"wp:term":[{"taxonomy":"category","embeddable":true,"href":"https:\/\/prensapresidencialvenezuela.gob.ve\/index.php\/wp-json\/wp\/v2\/categories?post=3248"},{"taxonomy":"post_tag","embeddable":true,"href":"https:\/\/prensapresidencialvenezuela.gob.ve\/index.php\/wp-json\/wp\/v2\/tags?post=3248"}],"curies":[{"name":"wp","href":"https:\/\/api.w.org\/{rel}","templated":true}]}}