{"id":3284,"date":"2022-08-11T22:52:56","date_gmt":"2022-08-11T22:52:56","guid":{"rendered":"http:\/\/172.27.0.121\/?p=3284"},"modified":"2022-08-15T23:07:57","modified_gmt":"2022-08-15T23:07:57","slug":"gobierno-nacional-relanza-motor-industrial","status":"publish","type":"post","link":"https:\/\/prensapresidencialvenezuela.gob.ve\/index.php\/2022\/08\/11\/gobierno-nacional-relanza-motor-industrial\/","title":{"rendered":"Gobierno Nacional relanza Motor Industrial"},"content":{"rendered":"\n<p><strong>La Carlota, estado Miranda.-<\/strong>&nbsp;Con la finalidad de propiciar la diversificaci\u00f3n econ\u00f3mica y generar nuevas formas de ingresos a la naci\u00f3n, el presidente de la Rep\u00fablica, Nicol\u00e1s Maduro, lidera la tarde de este jueves el relanzamiento del Motor Industrial de la Agenda Econ\u00f3mica Bolivariana.<\/p>\n\n\n\n<p>La actividad, que se desarrolla en el Parque Sim\u00f3n Bol\u00edvar, ubicado en La Carlota, presenta las capacidades industriales de 20 sectores productivos, entre los que destacan: calzado, textil, petroqu\u00edmica, construcci\u00f3n, automotriz, tecnolog\u00edas de la informaci\u00f3n y refrigeraci\u00f3n.<\/p>\n\n\n\n<p>M\u00e1s temprano, el Mandatario nacional destac\u00f3 el avance econ\u00f3mico que experimenta Venezuela gracias al esfuerzo y trabajo conjunto entre el Gobierno y las fuerzas productivas.<\/p>\n\n\n\n<p>\u201c\u00a1Feliz Jueves! Estamos viviendo nuevos tiempos de uni\u00f3n de todos los sectores productivos del pa\u00eds, para avanzar en la satisfacci\u00f3n de las necesidades del pueblo. El Motor Industrial se enrumba en esa direcci\u00f3n. \u00a1Est\u00e9n atentos y atentas a las noticias que hay para este sector!\u201d, escribi\u00f3 en su cuenta oficial en la red social Twitter, @NicolasMaduro.<\/p>\n\n\n\n<p>Acompa\u00f1an al Presidente, Tarek El Aissami, vicepresidente sectorial de Econom\u00eda; Hip\u00f3lito Abreu, ministro del Poder Popular de Industrias y Producci\u00f3n Nacional; Gabriela Jim\u00e9nez, ministra del Poder Popular para Ciencia y Tecnolog\u00eda; Ram\u00f3n Vel\u00e1squez&nbsp; Araguay\u00e1n, ministro del Poder Popular para Transporte; y Ricardo Men\u00e9ndez;, ministro del Poder Popular para Planificaci\u00f3n. Asimismo, participan Carmen Mel\u00e9ndez, alcaldesa del municipio Libertador y Nahum Fern\u00e1ndez, jefe de Gobierno de Caracas.<\/p>\n\n\n\n<p>En el mes de julio, autoridades del Ministerio de Industria y Producci\u00f3n Nacional de Venezuela y miembros de federaciones y c\u00e1maras nacionales industriales, sostuvieron una reuni\u00f3n con el objetivo de continuar la l\u00ednea estrat\u00e9gica de la alianza nacional planteada por el Jefe de Estado.<\/p>\n\n\n\n<p>Esta alianza entre Gobierno Nacional e industriales, busca vencer el bloqueo econ\u00f3mico impuesto ilegalmente por el gobierno de Estados Unidos a Venezuela y contribuir a la producci\u00f3n nacional, la generaci\u00f3n de empleo, la sustituci\u00f3n de importaciones y estimular la compra de productos venezolanos.<\/p>\n\n\n\n<p><strong>Prensa Presidencial \/ Karla Cotoret<\/strong><\/p>\n","protected":false},"excerpt":{"rendered":"<p>La Carlota, estado Miranda.-&nbsp;Con la finalidad de propiciar la diversificaci\u00f3n econ\u00f3mica y generar nuevas formas de ingresos a la naci\u00f3n, el presidente de la Rep\u00fablica, Nicol\u00e1s Maduro, lidera la tarde de este jueves el relanzamiento del Motor Industrial de la Agenda Econ\u00f3mica Bolivariana. La actividad, que se desarrolla en el Parque Sim\u00f3n Bol\u00edvar, ubicado en [&hellip;]<\/p>\n","protected":false},"author":6,"featured_media":3285,"comment_status":"open","ping_status":"open","sticky":false,"template":"","format":"standard","meta":{"footnotes":""},"categories":[7],"tags":[],"class_list":["post-3284","post","type-post","status-publish","format-standard","has-post-thumbnail","hentry","category-notas-de-prensa"],"_links":{"self":[{"href":"https:\/\/prensapresidencialvenezuela.gob.ve\/index.php\/wp-json\/wp\/v2\/posts\/3284","targetHints":{"allow":["GET"]}}],"collection":[{"href":"https:\/\/prensapresidencialvenezuela.gob.ve\/index.php\/wp-json\/wp\/v2\/posts"}],"about":[{"href":"https:\/\/prensapresidencialvenezuela.gob.ve\/index.php\/wp-json\/wp\/v2\/types\/post"}],"author":[{"embeddable":true,"href":"https:\/\/prensapresidencialvenezuela.gob.ve\/index.php\/wp-json\/wp\/v2\/users\/6"}],"replies":[{"embeddable":true,"href":"https:\/\/prensapresidencialvenezuela.gob.ve\/index.php\/wp-json\/wp\/v2\/comments?post=3284"}],"version-history":[{"count":1,"href":"https:\/\/prensapresidencialvenezuela.gob.ve\/index.php\/wp-json\/wp\/v2\/posts\/3284\/revisions"}],"predecessor-version":[{"id":3286,"href":"https:\/\/prensapresidencialvenezuela.gob.ve\/index.php\/wp-json\/wp\/v2\/posts\/3284\/revisions\/3286"}],"wp:featuredmedia":[{"embeddable":true,"href":"https:\/\/prensapresidencialvenezuela.gob.ve\/index.php\/wp-json\/wp\/v2\/media\/3285"}],"wp:attachment":[{"href":"https:\/\/prensapresidencialvenezuela.gob.ve\/index.php\/wp-json\/wp\/v2\/media?parent=3284"}],"wp:term":[{"taxonomy":"category","embeddable":true,"href":"https:\/\/prensapresidencialvenezuela.gob.ve\/index.php\/wp-json\/wp\/v2\/categories?post=3284"},{"taxonomy":"post_tag","embeddable":true,"href":"https:\/\/prensapresidencialvenezuela.gob.ve\/index.php\/wp-json\/wp\/v2\/tags?post=3284"}],"curies":[{"name":"wp","href":"https:\/\/api.w.org\/{rel}","templated":true}]}}