{"id":3287,"date":"2022-08-11T22:54:22","date_gmt":"2022-08-11T22:54:22","guid":{"rendered":"http:\/\/172.27.0.121\/?p=3287"},"modified":"2022-08-15T23:08:03","modified_gmt":"2022-08-15T23:08:03","slug":"casas-de-cultivo-se-perfilan-como-vanguardia-del-empoderamiento-economico-comunal","status":"publish","type":"post","link":"https:\/\/prensapresidencialvenezuela.gob.ve\/index.php\/2022\/08\/11\/casas-de-cultivo-se-perfilan-como-vanguardia-del-empoderamiento-economico-comunal\/","title":{"rendered":"Casas de cultivo se perfilan como vanguardia del empoderamiento econ\u00f3mico comunal"},"content":{"rendered":"\n<p><strong>La Carlota, estado Miranda.-\u00a0<\/strong>Con la misi\u00f3n de \u201cdarle el poder de la producci\u00f3n de alimentos a las comunidades\u201d, el presidente de la Rep\u00fablica, Nicol\u00e1s Maduro, instruy\u00f3 desplegar el esquema de casas de cultivo para fomentar el empoderamiento econ\u00f3mico a escala local.<\/p>\n\n\n\n<p>Desde el Parque Sim\u00f3n Bol\u00edvar, ubicado en el estado Miranda, se\u00f1al\u00f3 la necesidad de avanzar en un mecanismo que convoque \u2013en primer etapa- al Ministerio del Poder Popular para Industrias y Producci\u00f3n Nacional, la Corporaci\u00f3n Venezolana de Guayana (CVG) e industrias privadas para consolidar estrategias productivas de alimentos, bienes y servicios a trav\u00e9s de los Comit\u00e9 Locales de Abastecimiento y Producci\u00f3n (CLAP).<\/p>\n\n\n\n<p>\u201cVamos avanzando en un modelo articulado para darle a las comunidades el poder de la producci\u00f3n de sus alimentos, bienes y servicios (\u2026) El poder local econ\u00f3mico productivo que, adem\u00e1s, se vaya encadenando y articulando con todo el poder industrial del pa\u00eds que es poderoso\u201d, recalc\u00f3 durante la ExpoIndustrial del Motor Industrial de la Agenda Econ\u00f3mica Bolivariana.<\/p>\n\n\n\n<p>La masificaci\u00f3n de las casas de cultivo iniciar\u00e1 con la determinaci\u00f3n de territorios, acci\u00f3n que estar\u00e1 a cargo de los ministros del Poder Popular para Agricultura Urbana, Greicys Barrios, y de Comunas y Movimientos Sociales, Jorge Arreaza, en funci\u00f3n de \u201cque arranquemos a buen ritmo el 1\u00b0 de octubre\u201d.<\/p>\n\n\n\n<p>En relaci\u00f3n al dise\u00f1o de las casas de cultivo, la titular de Agricultura Urbana detall\u00f3 que \u201ces adaptado a nuestro pa\u00eds, novedoso y soberano\u201d al construirse con materiales elaborados por la CVG, as\u00ed como con un formato modular que le permite instalarse en orientaci\u00f3n vertical u horizontal de acuerdo a la capacidad productiva de la comunidad.<\/p>\n\n\n\n<p>Asimismo, en simult\u00e1neo \u201cestamos creando la infraestructura, la log\u00edstica y los prototipos\u201d para desplegar gallineros verticales y espacios para fomentar la acuicultura, agreg\u00f3 el Jefe de Estado, Nicol\u00e1s Maduro.<\/p>\n\n\n\n<p><strong>Prensa Presidencial \/ Karelis Gonz\u00e1lez<\/strong><a rel=\"noreferrer noopener\" href=\"http:\/\/compose.mail.yahoo.com\/?body=http:\/\/www.minci.gob.ve\/casas-de-cultivo-se-perfilan-como-vanguardia-del-empoderamiento-economico-comunal\/\" target=\"_blank\"><\/a><\/p>\n","protected":false},"excerpt":{"rendered":"<p>La Carlota, estado Miranda.-\u00a0Con la misi\u00f3n de \u201cdarle el poder de la producci\u00f3n de alimentos a las comunidades\u201d, el presidente de la Rep\u00fablica, Nicol\u00e1s Maduro, instruy\u00f3 desplegar el esquema de casas de cultivo para fomentar el empoderamiento econ\u00f3mico a escala local. Desde el Parque Sim\u00f3n Bol\u00edvar, ubicado en el estado Miranda, se\u00f1al\u00f3 la necesidad de [&hellip;]<\/p>\n","protected":false},"author":6,"featured_media":3288,"comment_status":"open","ping_status":"open","sticky":false,"template":"","format":"standard","meta":{"footnotes":""},"categories":[7],"tags":[],"class_list":["post-3287","post","type-post","status-publish","format-standard","has-post-thumbnail","hentry","category-notas-de-prensa"],"_links":{"self":[{"href":"https:\/\/prensapresidencialvenezuela.gob.ve\/index.php\/wp-json\/wp\/v2\/posts\/3287","targetHints":{"allow":["GET"]}}],"collection":[{"href":"https:\/\/prensapresidencialvenezuela.gob.ve\/index.php\/wp-json\/wp\/v2\/posts"}],"about":[{"href":"https:\/\/prensapresidencialvenezuela.gob.ve\/index.php\/wp-json\/wp\/v2\/types\/post"}],"author":[{"embeddable":true,"href":"https:\/\/prensapresidencialvenezuela.gob.ve\/index.php\/wp-json\/wp\/v2\/users\/6"}],"replies":[{"embeddable":true,"href":"https:\/\/prensapresidencialvenezuela.gob.ve\/index.php\/wp-json\/wp\/v2\/comments?post=3287"}],"version-history":[{"count":1,"href":"https:\/\/prensapresidencialvenezuela.gob.ve\/index.php\/wp-json\/wp\/v2\/posts\/3287\/revisions"}],"predecessor-version":[{"id":3289,"href":"https:\/\/prensapresidencialvenezuela.gob.ve\/index.php\/wp-json\/wp\/v2\/posts\/3287\/revisions\/3289"}],"wp:featuredmedia":[{"embeddable":true,"href":"https:\/\/prensapresidencialvenezuela.gob.ve\/index.php\/wp-json\/wp\/v2\/media\/3288"}],"wp:attachment":[{"href":"https:\/\/prensapresidencialvenezuela.gob.ve\/index.php\/wp-json\/wp\/v2\/media?parent=3287"}],"wp:term":[{"taxonomy":"category","embeddable":true,"href":"https:\/\/prensapresidencialvenezuela.gob.ve\/index.php\/wp-json\/wp\/v2\/categories?post=3287"},{"taxonomy":"post_tag","embeddable":true,"href":"https:\/\/prensapresidencialvenezuela.gob.ve\/index.php\/wp-json\/wp\/v2\/tags?post=3287"}],"curies":[{"name":"wp","href":"https:\/\/api.w.org\/{rel}","templated":true}]}}