{"id":3302,"date":"2022-08-11T23:16:00","date_gmt":"2022-08-11T23:16:00","guid":{"rendered":"http:\/\/172.27.0.121\/?p=3302"},"modified":"2022-08-15T23:18:36","modified_gmt":"2022-08-15T23:18:36","slug":"designado-felix-plasencia-como-embajador-de-venezuela-en-colombia","status":"publish","type":"post","link":"https:\/\/prensapresidencialvenezuela.gob.ve\/index.php\/2022\/08\/11\/designado-felix-plasencia-como-embajador-de-venezuela-en-colombia\/","title":{"rendered":"Designado F\u00e9lix Plasencia como embajador de Venezuela en Colombia"},"content":{"rendered":"\n<p><strong>La Carlota, estado Miranda.-<\/strong> El presidente de la Rep\u00fablica, Nicol\u00e1s Maduro, design\u00f3 este jueves a F\u00e9lix Plasencia como Embajador de la Rep\u00fablica Bolivariana de Venezuela ante la Rep\u00fablica de Colombia, dada su \u201cgran experiencia diplom\u00e1tica, pol\u00edtica y capacidad de relacionamiento\u201d.<\/p>\n\n\n\n<p>Desde el Parque Sim\u00f3n Bol\u00edvar, ubicado en el estado Miranda, puntualiz\u00f3 que la Canciller\u00eda de la Rep\u00fablica \u201cha pedido el benepl\u00e1cito a la Canciller\u00eda de Colombia y pronto estar\u00e1 en Bogot\u00e1\u201d a prop\u00f3sito de la nueva etapa de las relaciones bilaterales, bajo los principios de respeto mutuo y autodeterminaci\u00f3n de los pueblos.<\/p>\n\n\n\n<p>En respuesta a la designaci\u00f3n de F\u00e9lix Plasencia como Embajador en Colombia, el presidente Gustavo Petro oficializ\u00f3 el nombramiento de Armando Benedetti como Embajador en Venezuela, \u201cesperando el benepl\u00e1cito de ese gobierno y tambi\u00e9n con la ardua tarea de normalizar las relaciones entre los dos pa\u00edses\u201d, precis\u00f3 el reci\u00e9n investido Presidente de Colombia.<\/p>\n\n\n\n<p>Petro subray\u00f3 que la misi\u00f3n prioritaria de Armando Benedetti ser\u00e1 \u201crestablecer la institucionalidad que exist\u00eda d\u00e9cadas antes para que los dos pueblos hermanos puedan garantizar sus libertades y lograr que entre Colombia y Venezuela se pueda construir riqueza para ambos pueblos\u201d.<\/p>\n\n\n\n<p>Por otro lado, el Jefe de Estado enfatiz\u00f3 que Venezuela avanzar\u00e1 a \u201cpaso seguro, avanzando en el restablecimiento y la reconstrucci\u00f3n de las relaciones pol\u00edticas, diplom\u00e1ticas y comerciales\u201d.<\/p>\n\n\n\n<p>Detall\u00f3 que se conform\u00f3 un equipo especial sobre las relaciones Colombia \u2013 Venezuela, liderado por la vicepresidenta de la Rep\u00fablica, Delcy Rodr\u00edguez, para \u201ctrabajar un plan muy serio para la apertura programada, progresiva de la frontera\u201d.<\/p>\n\n\n\n<p>El acercamiento entre Colombia y Venezuela, luego de la interrupci\u00f3n de sus relaciones pol\u00edticas y diplom\u00e1ticas en 2019, inici\u00f3 el 22 de junio a trav\u00e9s de un contacto telef\u00f3nico entre los presidentes Gustavo Petro y Nicol\u00e1s Maduro, respectivamente.<\/p>\n\n\n\n<p>La voluntad de nombrar Embajadores se reafirm\u00f3 el 28 de julio, posterior a un encuentro entre los cancilleres de Venezuela, Carlos Far\u00eda, y de Colombia, \u00c1lvaro Leyva Dur\u00e1n, realizado en el estado T\u00e1chira.<\/p>\n\n\n\n<p><strong>Prensa Presidencial \/ Karelis Gonz\u00e1lez<\/strong><\/p>\n","protected":false},"excerpt":{"rendered":"<p>La Carlota, estado Miranda.- El presidente de la Rep\u00fablica, Nicol\u00e1s Maduro, design\u00f3 este jueves a F\u00e9lix Plasencia como Embajador de la Rep\u00fablica Bolivariana de Venezuela ante la Rep\u00fablica de Colombia, dada su \u201cgran experiencia diplom\u00e1tica, pol\u00edtica y capacidad de relacionamiento\u201d. Desde el Parque Sim\u00f3n Bol\u00edvar, ubicado en el estado Miranda, puntualiz\u00f3 que la Canciller\u00eda de [&hellip;]<\/p>\n","protected":false},"author":6,"featured_media":3303,"comment_status":"open","ping_status":"open","sticky":false,"template":"","format":"standard","meta":{"footnotes":""},"categories":[7],"tags":[],"class_list":["post-3302","post","type-post","status-publish","format-standard","has-post-thumbnail","hentry","category-notas-de-prensa"],"_links":{"self":[{"href":"https:\/\/prensapresidencialvenezuela.gob.ve\/index.php\/wp-json\/wp\/v2\/posts\/3302","targetHints":{"allow":["GET"]}}],"collection":[{"href":"https:\/\/prensapresidencialvenezuela.gob.ve\/index.php\/wp-json\/wp\/v2\/posts"}],"about":[{"href":"https:\/\/prensapresidencialvenezuela.gob.ve\/index.php\/wp-json\/wp\/v2\/types\/post"}],"author":[{"embeddable":true,"href":"https:\/\/prensapresidencialvenezuela.gob.ve\/index.php\/wp-json\/wp\/v2\/users\/6"}],"replies":[{"embeddable":true,"href":"https:\/\/prensapresidencialvenezuela.gob.ve\/index.php\/wp-json\/wp\/v2\/comments?post=3302"}],"version-history":[{"count":1,"href":"https:\/\/prensapresidencialvenezuela.gob.ve\/index.php\/wp-json\/wp\/v2\/posts\/3302\/revisions"}],"predecessor-version":[{"id":3304,"href":"https:\/\/prensapresidencialvenezuela.gob.ve\/index.php\/wp-json\/wp\/v2\/posts\/3302\/revisions\/3304"}],"wp:featuredmedia":[{"embeddable":true,"href":"https:\/\/prensapresidencialvenezuela.gob.ve\/index.php\/wp-json\/wp\/v2\/media\/3303"}],"wp:attachment":[{"href":"https:\/\/prensapresidencialvenezuela.gob.ve\/index.php\/wp-json\/wp\/v2\/media?parent=3302"}],"wp:term":[{"taxonomy":"category","embeddable":true,"href":"https:\/\/prensapresidencialvenezuela.gob.ve\/index.php\/wp-json\/wp\/v2\/categories?post=3302"},{"taxonomy":"post_tag","embeddable":true,"href":"https:\/\/prensapresidencialvenezuela.gob.ve\/index.php\/wp-json\/wp\/v2\/tags?post=3302"}],"curies":[{"name":"wp","href":"https:\/\/api.w.org\/{rel}","templated":true}]}}