{"id":3308,"date":"2022-08-11T23:22:00","date_gmt":"2022-08-11T23:22:00","guid":{"rendered":"http:\/\/172.27.0.121\/?p=3308"},"modified":"2022-08-15T23:24:36","modified_gmt":"2022-08-15T23:24:36","slug":"presidente-maduro-recibe-en-miraflores-delegacion-de-la-clase-obrera-brasilena","status":"publish","type":"post","link":"https:\/\/prensapresidencialvenezuela.gob.ve\/index.php\/2022\/08\/11\/presidente-maduro-recibe-en-miraflores-delegacion-de-la-clase-obrera-brasilena\/","title":{"rendered":"Presidente Maduro recibe en Miraflores delegaci\u00f3n de la clase obrera brasile\u00f1a"},"content":{"rendered":"\n<p><strong>Palacio de Miraflores, Caracas.-<\/strong>&nbsp;El presidente de la Rep\u00fablica Bolivariana de Venezuela, Nicol\u00e1s Maduro, recibe en el Palacio de Miraflores a representantes de la Central \u00danica de Trabajadores de Brasil (CUT).<\/p>\n\n\n\n<p>La delegaci\u00f3n se encuentra integrada por Sergio Nobre, presidente del Sindicato Central Unitario del Trabajadores del Brasil (CUT), Mois\u00e9s Selerges Junior, presidente del Sindicato de Trabajadores Metal\u00fargicos (ABC), Marcos Jos\u00e9 Duarte, Consultor de la Presidencia Nacional de la CUT, entre otros representantes sindicales.<\/p>\n\n\n\n<p>Este encuentro, que se desarrolla en el Despacho Presidencial, busca consolidar las relaciones de amistad y complementariedad entre los pueblos y acompa\u00f1an al Presidente venezolano, el ministro del Poder Popular para el Proceso Social del Trabajo, Francisco Torrealba, el vicepresidente sectorial de Comunicaci\u00f3n, Cultura y Turismo,&nbsp;Freddy \u00d1\u00e1\u00f1ez, y el ministro del Poder Popular para el Despacho de la Presidencia, Jorge M\u00e1rquez.<\/p>\n\n\n\n<p>La Central \u00danica de Trabajadores de Brasil (CUT) fue el primer sindicato estatal fundado en el pa\u00eds carioca, el 29 de abril de 1984. Est\u00e1 guiado por intensas movilizaciones en la lucha por la clase trabajadora.<\/p>\n\n\n\n<p><strong>Prensa Presidencial \/ Karla Cotoret<\/strong><\/p>\n","protected":false},"excerpt":{"rendered":"<p>Palacio de Miraflores, Caracas.-&nbsp;El presidente de la Rep\u00fablica Bolivariana de Venezuela, Nicol\u00e1s Maduro, recibe en el Palacio de Miraflores a representantes de la Central \u00danica de Trabajadores de Brasil (CUT). La delegaci\u00f3n se encuentra integrada por Sergio Nobre, presidente del Sindicato Central Unitario del Trabajadores del Brasil (CUT), Mois\u00e9s Selerges Junior, presidente del Sindicato de [&hellip;]<\/p>\n","protected":false},"author":6,"featured_media":3309,"comment_status":"open","ping_status":"open","sticky":false,"template":"","format":"standard","meta":{"footnotes":""},"categories":[7],"tags":[],"class_list":["post-3308","post","type-post","status-publish","format-standard","has-post-thumbnail","hentry","category-notas-de-prensa"],"_links":{"self":[{"href":"https:\/\/prensapresidencialvenezuela.gob.ve\/index.php\/wp-json\/wp\/v2\/posts\/3308","targetHints":{"allow":["GET"]}}],"collection":[{"href":"https:\/\/prensapresidencialvenezuela.gob.ve\/index.php\/wp-json\/wp\/v2\/posts"}],"about":[{"href":"https:\/\/prensapresidencialvenezuela.gob.ve\/index.php\/wp-json\/wp\/v2\/types\/post"}],"author":[{"embeddable":true,"href":"https:\/\/prensapresidencialvenezuela.gob.ve\/index.php\/wp-json\/wp\/v2\/users\/6"}],"replies":[{"embeddable":true,"href":"https:\/\/prensapresidencialvenezuela.gob.ve\/index.php\/wp-json\/wp\/v2\/comments?post=3308"}],"version-history":[{"count":1,"href":"https:\/\/prensapresidencialvenezuela.gob.ve\/index.php\/wp-json\/wp\/v2\/posts\/3308\/revisions"}],"predecessor-version":[{"id":3310,"href":"https:\/\/prensapresidencialvenezuela.gob.ve\/index.php\/wp-json\/wp\/v2\/posts\/3308\/revisions\/3310"}],"wp:featuredmedia":[{"embeddable":true,"href":"https:\/\/prensapresidencialvenezuela.gob.ve\/index.php\/wp-json\/wp\/v2\/media\/3309"}],"wp:attachment":[{"href":"https:\/\/prensapresidencialvenezuela.gob.ve\/index.php\/wp-json\/wp\/v2\/media?parent=3308"}],"wp:term":[{"taxonomy":"category","embeddable":true,"href":"https:\/\/prensapresidencialvenezuela.gob.ve\/index.php\/wp-json\/wp\/v2\/categories?post=3308"},{"taxonomy":"post_tag","embeddable":true,"href":"https:\/\/prensapresidencialvenezuela.gob.ve\/index.php\/wp-json\/wp\/v2\/tags?post=3308"}],"curies":[{"name":"wp","href":"https:\/\/api.w.org\/{rel}","templated":true}]}}