{"id":3380,"date":"2022-08-16T16:40:26","date_gmt":"2022-08-16T16:40:26","guid":{"rendered":"http:\/\/172.27.0.121\/?p=3380"},"modified":"2022-08-17T16:54:40","modified_gmt":"2022-08-17T16:54:40","slug":"presidente-maduro-condecora-a-bomberos-que-combatieron-incendio-en-cuba","status":"publish","type":"post","link":"https:\/\/prensapresidencialvenezuela.gob.ve\/index.php\/2022\/08\/16\/presidente-maduro-condecora-a-bomberos-que-combatieron-incendio-en-cuba\/","title":{"rendered":"Presidente Maduro condecora a bomberos que combatieron incendio en Cuba \u00a0"},"content":{"rendered":"\n<p><strong>Palacio de Miraflores, Caracas.-&nbsp;<\/strong>De manos del presidente de la Rep\u00fablica, Nicol\u00e1s Maduro, 43 bomberos y expertos de la estatal Petr\u00f3leos de Venezuela (PDVSA) reciben la r\u00e9plica del sable victorioso de Carabobo y la Orden Francisco de Miranda, en su Segunda Clase Precursor, por la solidaridad demostrada durante la extinci\u00f3n del incendio registrado en la Base de Supertanqueros de Matanzas, ubicado en Cuba, el pasado 5 de agosto.<\/p>\n\n\n\n<p>El reconocimiento reivindica el m\u00e9rito sobresaliente de especialistas y t\u00e9cnicos que, desde el 7 de agosto, se manten\u00edan prestando servicio en la provincia de Matanzas, donde el incendio ocurrido por el impacto de un rayo en la Base de Supertanqueros dej\u00f3 un saldo de 132 personas lesionadas.<\/p>\n\n\n\n<p>Este lunes, a prop\u00f3sito del recibimiento a los 43 bomberos especialistas y t\u00e9cnicos de PDVSA, el ministro del Poder Popular para el Petr\u00f3leo, Tareck El Aissami, de quienes retornan a Venezuela \u201ccon la misi\u00f3n cumplida de haber apoyado y acompa\u00f1ado las labores de control del incendio, luego del siniestro catastr\u00f3fico que vivi\u00f3 nuestra hermana Rep\u00fablica de Cuba\u201d.<\/p>\n\n\n\n<p>\u201cSiempre estaremos ante cualquier adversidad al lado de Cuba, al lado de su Gobierno, como sabemos que Cuba siempre estar\u00e1 acompa\u00f1ando a Venezuela\u201d, recalc\u00f3 El Aissami.<\/p>\n\n\n\n<p>La asistencia t\u00e9cnica brindada por Venezuela no solo contempl\u00f3 el env\u00edo de personal capacitado en el combate de incendios, sino tambi\u00e9n de 20 toneladas de insumos (espuma y polvos qu\u00edmicos) para atender la contingencia. Previo al traslado de la ayuda que se realiz\u00f3 el 6 de agosto en el vuelo 340-600 de Conviasa, el Jefe de Estado y de Gobierno, Nicol\u00e1s Maduro, reafirm\u00f3 la plena disposici\u00f3n de Venezuela de brindar la ayuda necesaria en la zona industrial de Matanzas.<\/p>\n\n\n\n<p>\u201cVenezuela entera se solidariza con Cuba y el pueblo de Matanzas, ante el accidente ocurrido en la Base de Supertanqueros. Reciban el abrazo bolivariano, \u00a1No est\u00e1n solos!\u201d, enfatiz\u00f3 el Presidente Nicol\u00e1s Maduro en su cuenta en la red social Twitter, @NicolasMaduro.<\/p>\n\n\n\n<p>Por otro lado, el embajador de Cuba en Venezuela, Dagoberto Rodr\u00edguez, extendi\u00f3 su agradecimiento a quienes \u201cestuvieron dispuestos a ir a tender la mano a los hermanos cubanos, arriesgando sus propias vidas\u201d, al tiempo que describi\u00f3 como un \u201cderroche de hero\u00edsmo, valent\u00eda y experticia\u201d la labor desempe\u00f1ada por la delegaci\u00f3n venezolana.<\/p>\n\n\n\n<p>\u201cEs el momento de agradecer que sin vacilar tendieron la mano al pueblo cubano. Estaban ustedes convirti\u00e9ndose en paradigmas de los sue\u00f1os de Mart\u00ed, Bol\u00edvar, Fidel y Ch\u00e1vez\u201d, puntualiz\u00f3 Rodr\u00edguez.<\/p>\n\n\n\n<p><strong>Cuba agradece la solidaridad<\/strong><\/p>\n\n\n\n<p>A trav\u00e9s de la imposici\u00f3n de la Orden de la Solidaridad, el Gobierno de Cuba y las Fuerzas Armadas Revolucionarias reconoci\u00f3 \u2013este 14 de agosto- el acompa\u00f1amiento decidido de las delegaciones de M\u00e9xico y Venezuela que sumaron esfuerzos para sofocar el incendio en Matanzas.<\/p>\n\n\n\n<p>En representaci\u00f3n de Venezuela, recibieron la Orden de la Solidaridad el director ejecutivo de Seguridad Industrial, Rubert Rafael Hurtado, y el l\u00edder administrativo de emergencia, Miguel \u00c1ngel S\u00e1nchez.<\/p>\n\n\n\n<p>Asimismo, las Fuerzas Armadas Revolucionarias otorgaron 122 medallas de la amistad y cinco r\u00e9plicas del machete del mayor general Antonio Maceo a expertos por sus acciones en la primera l\u00ednea del combate del incendio.<\/p>\n\n\n\n<p><strong>Prensa Presidencial \/ Karelis Gonz\u00e1lez<\/strong><\/p>\n","protected":false},"excerpt":{"rendered":"<p>Palacio de Miraflores, Caracas.-&nbsp;De manos del presidente de la Rep\u00fablica, Nicol\u00e1s Maduro, 43 bomberos y expertos de la estatal Petr\u00f3leos de Venezuela (PDVSA) reciben la r\u00e9plica del sable victorioso de Carabobo y la Orden Francisco de Miranda, en su Segunda Clase Precursor, por la solidaridad demostrada durante la extinci\u00f3n del incendio registrado en la Base [&hellip;]<\/p>\n","protected":false},"author":6,"featured_media":3381,"comment_status":"open","ping_status":"open","sticky":false,"template":"","format":"standard","meta":{"footnotes":""},"categories":[7],"tags":[],"class_list":["post-3380","post","type-post","status-publish","format-standard","has-post-thumbnail","hentry","category-notas-de-prensa"],"_links":{"self":[{"href":"https:\/\/prensapresidencialvenezuela.gob.ve\/index.php\/wp-json\/wp\/v2\/posts\/3380","targetHints":{"allow":["GET"]}}],"collection":[{"href":"https:\/\/prensapresidencialvenezuela.gob.ve\/index.php\/wp-json\/wp\/v2\/posts"}],"about":[{"href":"https:\/\/prensapresidencialvenezuela.gob.ve\/index.php\/wp-json\/wp\/v2\/types\/post"}],"author":[{"embeddable":true,"href":"https:\/\/prensapresidencialvenezuela.gob.ve\/index.php\/wp-json\/wp\/v2\/users\/6"}],"replies":[{"embeddable":true,"href":"https:\/\/prensapresidencialvenezuela.gob.ve\/index.php\/wp-json\/wp\/v2\/comments?post=3380"}],"version-history":[{"count":1,"href":"https:\/\/prensapresidencialvenezuela.gob.ve\/index.php\/wp-json\/wp\/v2\/posts\/3380\/revisions"}],"predecessor-version":[{"id":3382,"href":"https:\/\/prensapresidencialvenezuela.gob.ve\/index.php\/wp-json\/wp\/v2\/posts\/3380\/revisions\/3382"}],"wp:featuredmedia":[{"embeddable":true,"href":"https:\/\/prensapresidencialvenezuela.gob.ve\/index.php\/wp-json\/wp\/v2\/media\/3381"}],"wp:attachment":[{"href":"https:\/\/prensapresidencialvenezuela.gob.ve\/index.php\/wp-json\/wp\/v2\/media?parent=3380"}],"wp:term":[{"taxonomy":"category","embeddable":true,"href":"https:\/\/prensapresidencialvenezuela.gob.ve\/index.php\/wp-json\/wp\/v2\/categories?post=3380"},{"taxonomy":"post_tag","embeddable":true,"href":"https:\/\/prensapresidencialvenezuela.gob.ve\/index.php\/wp-json\/wp\/v2\/tags?post=3380"}],"curies":[{"name":"wp","href":"https:\/\/api.w.org\/{rel}","templated":true}]}}