{"id":3456,"date":"2022-08-24T22:41:41","date_gmt":"2022-08-24T22:41:41","guid":{"rendered":"http:\/\/172.27.0.121\/?p=3456"},"modified":"2022-08-24T22:42:06","modified_gmt":"2022-08-24T22:42:06","slug":"presidente-maduro-dirige-jornada-de-trabajo-para-el-impulso-cientifico-tecnologico-del-pais","status":"publish","type":"post","link":"https:\/\/prensapresidencialvenezuela.gob.ve\/index.php\/2022\/08\/24\/presidente-maduro-dirige-jornada-de-trabajo-para-el-impulso-cientifico-tecnologico-del-pais\/","title":{"rendered":"Presidente dirige jornada de trabajo para el impulso cient\u00edfico-tecnol\u00f3gico del pa\u00eds"},"content":{"rendered":"\n<p><strong>IVIC, estado Miranda.-<\/strong> El presidente de la Rep\u00fablica Bolivariana de Venezuela, Nicol\u00e1s Maduro Moros,&nbsp;lidera jornada de trabajo para el impulso cient\u00edfico-tecnol\u00f3gico del pa\u00eds, en un recoriido por los espacios de la Unidad de Terapia Celular (UTC) ubicado en el Instituto Venezolano de Investigaciones Cient\u00edficas (IVIC).<\/p>\n\n\n\n<p>La UTC cuenta con m\u00e1s de 17 a\u00f1os de labores, siendo punta de lanza en tratamientos con \u00abc\u00e9lulas estromales mesenquimales, permitiendo importantes avances en tratamientos en regeneraci\u00f3n de piel, de hueso, de cart\u00edlago, entre otros\u00bb, rese\u00f1a la cuenta de la instituci\u00f3n @IVIC_oficial.<\/p>\n\n\n\n<p>El Ejecutivo Nacional ha enfocado gran parte de las pol\u00edticas p\u00fablicas en el desarrollo de tecnolog\u00edas en beneficio de la poblaci\u00f3n, una muestra de ello es la UTC del IVIC, centro que cuenta con un equipo de hombres y mujeres de muy alto nivel de profesionalismo, comprometido con la salud de la naci\u00f3n bolivariana.<\/p>\n\n\n\n<p>Acompa\u00f1an al presidente Maduro la primera combatiente y diputada a la Asamblea Nacional, Cilia Flores, la vicepresidenta Sectorial de Ciencia, Tecnolog\u00eda, Educaci\u00f3n y Salud, Gabriela Jim\u00e9nez, la ministra del Poder Popular para la Salud, Magaly Guti\u00e9rrez y el gobernador del esrado Miranda, H\u00e9ctor Rodr\u00edguez.<\/p>\n\n\n\n<p><strong>Prensa Presidencial\/Eduardo Hueck<\/strong><\/p>\n","protected":false},"excerpt":{"rendered":"<p>IVIC, estado Miranda.- El presidente de la Rep\u00fablica Bolivariana de Venezuela, Nicol\u00e1s Maduro Moros,&nbsp;lidera jornada de trabajo para el impulso cient\u00edfico-tecnol\u00f3gico del pa\u00eds, en un recoriido por los espacios de la Unidad de Terapia Celular (UTC) ubicado en el Instituto Venezolano de Investigaciones Cient\u00edficas (IVIC). La UTC cuenta con m\u00e1s de 17 a\u00f1os de labores, [&hellip;]<\/p>\n","protected":false},"author":6,"featured_media":3457,"comment_status":"open","ping_status":"open","sticky":false,"template":"","format":"standard","meta":{"footnotes":""},"categories":[1],"tags":[],"class_list":["post-3456","post","type-post","status-publish","format-standard","has-post-thumbnail","hentry","category-sin-categoria"],"_links":{"self":[{"href":"https:\/\/prensapresidencialvenezuela.gob.ve\/index.php\/wp-json\/wp\/v2\/posts\/3456","targetHints":{"allow":["GET"]}}],"collection":[{"href":"https:\/\/prensapresidencialvenezuela.gob.ve\/index.php\/wp-json\/wp\/v2\/posts"}],"about":[{"href":"https:\/\/prensapresidencialvenezuela.gob.ve\/index.php\/wp-json\/wp\/v2\/types\/post"}],"author":[{"embeddable":true,"href":"https:\/\/prensapresidencialvenezuela.gob.ve\/index.php\/wp-json\/wp\/v2\/users\/6"}],"replies":[{"embeddable":true,"href":"https:\/\/prensapresidencialvenezuela.gob.ve\/index.php\/wp-json\/wp\/v2\/comments?post=3456"}],"version-history":[{"count":2,"href":"https:\/\/prensapresidencialvenezuela.gob.ve\/index.php\/wp-json\/wp\/v2\/posts\/3456\/revisions"}],"predecessor-version":[{"id":3460,"href":"https:\/\/prensapresidencialvenezuela.gob.ve\/index.php\/wp-json\/wp\/v2\/posts\/3456\/revisions\/3460"}],"wp:featuredmedia":[{"embeddable":true,"href":"https:\/\/prensapresidencialvenezuela.gob.ve\/index.php\/wp-json\/wp\/v2\/media\/3457"}],"wp:attachment":[{"href":"https:\/\/prensapresidencialvenezuela.gob.ve\/index.php\/wp-json\/wp\/v2\/media?parent=3456"}],"wp:term":[{"taxonomy":"category","embeddable":true,"href":"https:\/\/prensapresidencialvenezuela.gob.ve\/index.php\/wp-json\/wp\/v2\/categories?post=3456"},{"taxonomy":"post_tag","embeddable":true,"href":"https:\/\/prensapresidencialvenezuela.gob.ve\/index.php\/wp-json\/wp\/v2\/tags?post=3456"}],"curies":[{"name":"wp","href":"https:\/\/api.w.org\/{rel}","templated":true}]}}