{"id":3461,"date":"2022-08-24T23:05:26","date_gmt":"2022-08-24T23:05:26","guid":{"rendered":"http:\/\/172.27.0.121\/?p=3461"},"modified":"2022-08-24T23:05:26","modified_gmt":"2022-08-24T23:05:26","slug":"centro-nacional-de-medicina-regenerativa-impulsara-terapia-celular-en-el-pais","status":"publish","type":"post","link":"https:\/\/prensapresidencialvenezuela.gob.ve\/index.php\/2022\/08\/24\/centro-nacional-de-medicina-regenerativa-impulsara-terapia-celular-en-el-pais\/","title":{"rendered":"Centro Nacional de Medicina Regenerativa impulsar\u00e1 terapia celular en el pa\u00eds"},"content":{"rendered":"\n<p><strong>Municipio Los Salias, estado Miranda.- <\/strong>A partir de la experiencia de la Unidad de Terapia Celular del Instituto Venezolano de Investigaciones Cient\u00edficas (IVIC), el presidente de la Rep\u00fablica, Nicol\u00e1s Maduro, plante\u00f3 la creaci\u00f3n del Centro Nacional de Medicina Regenerativa para la atenci\u00f3n de casos de salud vinculados a la piel, cart\u00edlagos y huesos.<\/p>\n\n\n\n<p>Desde el municipio Los Salias, ubicado en el estado Miranda, se\u00f1al\u00f3 la necesidad de establecer mecanismos de coordinaci\u00f3n con hospitales del territorio nacional para expandir los beneficios de los estudios cl\u00ednicos con c\u00e9lulas madres en funci\u00f3n de que \u201ctodos tengan su beneficio y nosotros, adem\u00e1s, podamos avanzar\u201d.<\/p>\n\n\n\n<p>Al enfatizar que la ciencia y la tecnolog\u00eda deben aplicarse \u201ca la salud, a la vida y al vivir viviendo\u201d, instruy\u00f3 conformar una red de cient\u00edficos en la medicina que sumen esfuerzos en el despliegue del Centro Nacional de Medicina Regenerativa.<\/p>\n\n\n\n<p>En tanto, el Jefe de Estado recalc\u00f3 que Venezuela est\u00e1 a la vanguardia del empleo de c\u00e9lulas madres en terapias celulares para la recuperaci\u00f3n de la vista de pacientes con c\u00f3rneas destruidas por productos qu\u00edmicos, cuyo \u00e9xito se resume en la sanaci\u00f3n progresiva de Jonathan Olivares.<\/p>\n\n\n\n<p>\u201cNunca pens\u00e9 que pod\u00eda recuperar la vista (\u2026) Pude recuperar la fe, la vista y seguir con mi tratamiento\u201d, puntualiz\u00f3 Olivares, quien es el primer paciente de Am\u00e9rica Latina en ser sometido al estudio cl\u00ednico experimental para la extracci\u00f3n de c\u00e9lulas.<\/p>\n\n\n\n<p><strong>Prensa Presidencial \/ Karelis Gonz\u00e1lez<\/strong><\/p>\n","protected":false},"excerpt":{"rendered":"<p>Municipio Los Salias, estado Miranda.- A partir de la experiencia de la Unidad de Terapia Celular del Instituto Venezolano de Investigaciones Cient\u00edficas (IVIC), el presidente de la Rep\u00fablica, Nicol\u00e1s Maduro, plante\u00f3 la creaci\u00f3n del Centro Nacional de Medicina Regenerativa para la atenci\u00f3n de casos de salud vinculados a la piel, cart\u00edlagos y huesos. Desde el [&hellip;]<\/p>\n","protected":false},"author":6,"featured_media":3463,"comment_status":"open","ping_status":"open","sticky":false,"template":"","format":"standard","meta":{"footnotes":""},"categories":[18,7],"tags":[42,30,19,43,20],"class_list":["post-3461","post","type-post","status-publish","format-standard","has-post-thumbnail","hentry","category-noticias-principales","category-notas-de-prensa","tag-ciencia","tag-destacado","tag-nicolas-maduro","tag-tecnologia","tag-venezuela"],"_links":{"self":[{"href":"https:\/\/prensapresidencialvenezuela.gob.ve\/index.php\/wp-json\/wp\/v2\/posts\/3461","targetHints":{"allow":["GET"]}}],"collection":[{"href":"https:\/\/prensapresidencialvenezuela.gob.ve\/index.php\/wp-json\/wp\/v2\/posts"}],"about":[{"href":"https:\/\/prensapresidencialvenezuela.gob.ve\/index.php\/wp-json\/wp\/v2\/types\/post"}],"author":[{"embeddable":true,"href":"https:\/\/prensapresidencialvenezuela.gob.ve\/index.php\/wp-json\/wp\/v2\/users\/6"}],"replies":[{"embeddable":true,"href":"https:\/\/prensapresidencialvenezuela.gob.ve\/index.php\/wp-json\/wp\/v2\/comments?post=3461"}],"version-history":[{"count":1,"href":"https:\/\/prensapresidencialvenezuela.gob.ve\/index.php\/wp-json\/wp\/v2\/posts\/3461\/revisions"}],"predecessor-version":[{"id":3464,"href":"https:\/\/prensapresidencialvenezuela.gob.ve\/index.php\/wp-json\/wp\/v2\/posts\/3461\/revisions\/3464"}],"wp:featuredmedia":[{"embeddable":true,"href":"https:\/\/prensapresidencialvenezuela.gob.ve\/index.php\/wp-json\/wp\/v2\/media\/3463"}],"wp:attachment":[{"href":"https:\/\/prensapresidencialvenezuela.gob.ve\/index.php\/wp-json\/wp\/v2\/media?parent=3461"}],"wp:term":[{"taxonomy":"category","embeddable":true,"href":"https:\/\/prensapresidencialvenezuela.gob.ve\/index.php\/wp-json\/wp\/v2\/categories?post=3461"},{"taxonomy":"post_tag","embeddable":true,"href":"https:\/\/prensapresidencialvenezuela.gob.ve\/index.php\/wp-json\/wp\/v2\/tags?post=3461"}],"curies":[{"name":"wp","href":"https:\/\/api.w.org\/{rel}","templated":true}]}}