{"id":3493,"date":"2022-08-26T22:39:32","date_gmt":"2022-08-26T22:39:32","guid":{"rendered":"http:\/\/172.27.0.121\/?p=3493"},"modified":"2022-08-26T22:39:32","modified_gmt":"2022-08-26T22:39:32","slug":"presidente-maduro-se-reune-con-viceprimer-ministro-de-cuba","status":"publish","type":"post","link":"https:\/\/prensapresidencialvenezuela.gob.ve\/index.php\/2022\/08\/26\/presidente-maduro-se-reune-con-viceprimer-ministro-de-cuba\/","title":{"rendered":"Presidente Maduro se re\u00fane con viceprimer ministro de Cuba"},"content":{"rendered":"\n<p><strong>Palacio de Miraflores, Caracas.- <\/strong>En un encuentro destinado a profundizar las alianzas de cooperaci\u00f3n estrat\u00e9gica, el presidente de la Rep\u00fablica, Nicol\u00e1s Maduro, recibe este viernes al viceprimer ministro y ministro de Econom\u00eda y Planificaci\u00f3n de Cuba, Alejandro Gil Fern\u00e1ndez, en el Palacio de Miraflores, ubicado en Caracas.<\/p>\n\n\n\n<p>La reuni\u00f3n se suscribe en la agenda de trabajo que cumple desde el mi\u00e9rcoles 24 de agosto en Venezuela, donde se reuni\u00f3 con la vicepresidenta de la Rep\u00fablica, Delcy Rodr\u00edguez, en funci\u00f3n de revisar el avance de las relaciones bilaterales.<\/p>\n\n\n\n<p>El cronograma de actividades continu\u00f3 el jueves 25 de agosto con un intercambio de ideas sobre temas de inter\u00e9s nacional con funcionarios de la Embajada de Cuba en Venezuela, as\u00ed como una visita al Centro de Diagn\u00f3stico Integral (CDI) \u201cSalvador Allende\u201d donde comparti\u00f3 con colaboradores de las Misiones Sociales de Cuba en Venezuela.<\/p>\n\n\n\n<p>En la trayectoria de Gil Fern\u00e1ndez destaca su ejercicio como viceministro y viceministro primero del Ministerio de Finanzas y Precios (2016); y viceministro primero del Ministerio de Econom\u00eda y Planificaci\u00f3n (2017-2018).<\/p>\n\n\n\n<p>La delegaci\u00f3n cubana est\u00e1 integrada por el embajador de Cuba en Venezuela, Dagoberto Rodr\u00edguez, y el viceministro de Comercio Exterior y Secretario T\u00e9cnico del Convenio Integral de Cooperaci\u00f3n Cuba \u2013 Venezuela, Roberto L\u00f3pez.<\/p>\n\n\n\n<p>En representaci\u00f3n de Venezuela, est\u00e1n presentes la vicepresidenta de la Rep\u00fablica, Delcy Rodr\u00edguez; el presidente del Banco Central de Venezuela (BCV), Calixto Ortega; el viceministro de Relaciones Exteriores para El Caribe, Ra\u00fal Li Causi; y el presidente del Banco de Desarrollo y Exportaciones (Bandex) y de la Corporaci\u00f3n Venezolana de Comercio Exterior (Corpovex), H\u00e9ctor Obreg\u00f3n.<\/p>\n\n\n\n<p>La cooperaci\u00f3n estrat\u00e9gica entre Cuba y Venezuela comprende las \u00e1reas de salud, deportes, educaci\u00f3n, comunicaci\u00f3n, alimentaci\u00f3n, ciencia y energ\u00eda.<\/p>\n\n\n\n<p><strong>Prensa Presidencial \/ Karelis Gonz\u00e1lez<\/strong><\/p>\n","protected":false},"excerpt":{"rendered":"<p>Palacio de Miraflores, Caracas.- En un encuentro destinado a profundizar las alianzas de cooperaci\u00f3n estrat\u00e9gica, el presidente de la Rep\u00fablica, Nicol\u00e1s Maduro, recibe este viernes al viceprimer ministro y ministro de Econom\u00eda y Planificaci\u00f3n de Cuba, Alejandro Gil Fern\u00e1ndez, en el Palacio de Miraflores, ubicado en Caracas. La reuni\u00f3n se suscribe en la agenda de [&hellip;]<\/p>\n","protected":false},"author":6,"featured_media":3494,"comment_status":"open","ping_status":"open","sticky":false,"template":"","format":"standard","meta":{"footnotes":""},"categories":[18,7],"tags":[30,38,21,19,20],"class_list":["post-3493","post","type-post","status-publish","format-standard","has-post-thumbnail","hentry","category-noticias-principales","category-notas-de-prensa","tag-destacado","tag-diplomacia-bolivariana-de-paz","tag-economia-venezolana","tag-nicolas-maduro","tag-venezuela"],"_links":{"self":[{"href":"https:\/\/prensapresidencialvenezuela.gob.ve\/index.php\/wp-json\/wp\/v2\/posts\/3493","targetHints":{"allow":["GET"]}}],"collection":[{"href":"https:\/\/prensapresidencialvenezuela.gob.ve\/index.php\/wp-json\/wp\/v2\/posts"}],"about":[{"href":"https:\/\/prensapresidencialvenezuela.gob.ve\/index.php\/wp-json\/wp\/v2\/types\/post"}],"author":[{"embeddable":true,"href":"https:\/\/prensapresidencialvenezuela.gob.ve\/index.php\/wp-json\/wp\/v2\/users\/6"}],"replies":[{"embeddable":true,"href":"https:\/\/prensapresidencialvenezuela.gob.ve\/index.php\/wp-json\/wp\/v2\/comments?post=3493"}],"version-history":[{"count":1,"href":"https:\/\/prensapresidencialvenezuela.gob.ve\/index.php\/wp-json\/wp\/v2\/posts\/3493\/revisions"}],"predecessor-version":[{"id":3495,"href":"https:\/\/prensapresidencialvenezuela.gob.ve\/index.php\/wp-json\/wp\/v2\/posts\/3493\/revisions\/3495"}],"wp:featuredmedia":[{"embeddable":true,"href":"https:\/\/prensapresidencialvenezuela.gob.ve\/index.php\/wp-json\/wp\/v2\/media\/3494"}],"wp:attachment":[{"href":"https:\/\/prensapresidencialvenezuela.gob.ve\/index.php\/wp-json\/wp\/v2\/media?parent=3493"}],"wp:term":[{"taxonomy":"category","embeddable":true,"href":"https:\/\/prensapresidencialvenezuela.gob.ve\/index.php\/wp-json\/wp\/v2\/categories?post=3493"},{"taxonomy":"post_tag","embeddable":true,"href":"https:\/\/prensapresidencialvenezuela.gob.ve\/index.php\/wp-json\/wp\/v2\/tags?post=3493"}],"curies":[{"name":"wp","href":"https:\/\/api.w.org\/{rel}","templated":true}]}}