{"id":3503,"date":"2022-08-29T22:02:57","date_gmt":"2022-08-29T22:02:57","guid":{"rendered":"http:\/\/172.27.0.121\/?p=3503"},"modified":"2022-08-29T22:02:57","modified_gmt":"2022-08-29T22:02:57","slug":"embajador-de-la-republica-arabe-saharaui-democratica-entrega-cartas-credenciales-en-miraflores","status":"publish","type":"post","link":"https:\/\/prensapresidencialvenezuela.gob.ve\/index.php\/2022\/08\/29\/embajador-de-la-republica-arabe-saharaui-democratica-entrega-cartas-credenciales-en-miraflores\/","title":{"rendered":"Embajador de la Rep\u00fablica \u00c1rabe Saharaui Democr\u00e1tica entrega cartas credenciales en Miraflores"},"content":{"rendered":"\n<p><strong>Palacio de Miraflores, Caracas. \u2013 <\/strong>El presidente de la Rep\u00fablica Bolivariana de Venezuela, Nicol\u00e1s Maduro, recibe las cartas credenciales del excelent\u00edsimo se\u00f1or embajador de la Rep\u00fablica \u00c1rabe Saharaui Democr\u00e1tica, Mohamed Salem Ali Ergueibi, siendo este un paso diplom\u00e1tico con el que ambas naciones est\u00e1n comprometidas con seguir impulsando las relaciones de cooperaci\u00f3n.<\/p>\n\n\n\n<p>El nuevo embajador sustituye al diplom\u00e1tico saharaui, Mohamed Salem Daha Lehbib, quien despe\u00f1aba esas funciones en la naci\u00f3n suramericana desde el a\u00f1o 2013.<\/p>\n\n\n\n<p>Desde el 8 de agosto de 1982, con una embajada de la RASD en Caracas, las dos naciones han mantenido excelentes relaciones a Alto Nivel, promoviendo v\u00ednculos de reciprocidad entre los dos pa\u00edses.<\/p>\n\n\n\n<p>Como parte de esa cooperaci\u00f3n de los dos pa\u00edses, fue creada la Escuela Secundaria B\u00e1sica \u201cSim\u00f3n Bol\u00edvar\u201d ubicada en la Wilaya de Smara en los campamentos de refugiados saharauis.SPS\/099\/090.<\/p>\n\n\n\n<p>El jefe de Estado venezolano ha reafirmado su compromiso con la causa del pueblo saharaui, y ha expresado su apoyo para consolidar la independencia de este Estado africano.<\/p>\n\n\n\n<p><strong>Prensa Presidencial \/ Ana\u00eds P\u00e9rez<\/strong><\/p>\n","protected":false},"excerpt":{"rendered":"<p>Palacio de Miraflores, Caracas. \u2013 El presidente de la Rep\u00fablica Bolivariana de Venezuela, Nicol\u00e1s Maduro, recibe las cartas credenciales del excelent\u00edsimo se\u00f1or embajador de la Rep\u00fablica \u00c1rabe Saharaui Democr\u00e1tica, Mohamed Salem Ali Ergueibi, siendo este un paso diplom\u00e1tico con el que ambas naciones est\u00e1n comprometidas con seguir impulsando las relaciones de cooperaci\u00f3n. El nuevo embajador [&hellip;]<\/p>\n","protected":false},"author":6,"featured_media":3504,"comment_status":"open","ping_status":"open","sticky":false,"template":"","format":"standard","meta":{"footnotes":""},"categories":[18,7],"tags":[30,38,19,20],"class_list":["post-3503","post","type-post","status-publish","format-standard","has-post-thumbnail","hentry","category-noticias-principales","category-notas-de-prensa","tag-destacado","tag-diplomacia-bolivariana-de-paz","tag-nicolas-maduro","tag-venezuela"],"_links":{"self":[{"href":"https:\/\/prensapresidencialvenezuela.gob.ve\/index.php\/wp-json\/wp\/v2\/posts\/3503","targetHints":{"allow":["GET"]}}],"collection":[{"href":"https:\/\/prensapresidencialvenezuela.gob.ve\/index.php\/wp-json\/wp\/v2\/posts"}],"about":[{"href":"https:\/\/prensapresidencialvenezuela.gob.ve\/index.php\/wp-json\/wp\/v2\/types\/post"}],"author":[{"embeddable":true,"href":"https:\/\/prensapresidencialvenezuela.gob.ve\/index.php\/wp-json\/wp\/v2\/users\/6"}],"replies":[{"embeddable":true,"href":"https:\/\/prensapresidencialvenezuela.gob.ve\/index.php\/wp-json\/wp\/v2\/comments?post=3503"}],"version-history":[{"count":1,"href":"https:\/\/prensapresidencialvenezuela.gob.ve\/index.php\/wp-json\/wp\/v2\/posts\/3503\/revisions"}],"predecessor-version":[{"id":3505,"href":"https:\/\/prensapresidencialvenezuela.gob.ve\/index.php\/wp-json\/wp\/v2\/posts\/3503\/revisions\/3505"}],"wp:featuredmedia":[{"embeddable":true,"href":"https:\/\/prensapresidencialvenezuela.gob.ve\/index.php\/wp-json\/wp\/v2\/media\/3504"}],"wp:attachment":[{"href":"https:\/\/prensapresidencialvenezuela.gob.ve\/index.php\/wp-json\/wp\/v2\/media?parent=3503"}],"wp:term":[{"taxonomy":"category","embeddable":true,"href":"https:\/\/prensapresidencialvenezuela.gob.ve\/index.php\/wp-json\/wp\/v2\/categories?post=3503"},{"taxonomy":"post_tag","embeddable":true,"href":"https:\/\/prensapresidencialvenezuela.gob.ve\/index.php\/wp-json\/wp\/v2\/tags?post=3503"}],"curies":[{"name":"wp","href":"https:\/\/api.w.org\/{rel}","templated":true}]}}