{"id":3506,"date":"2022-08-29T22:12:36","date_gmt":"2022-08-29T22:12:36","guid":{"rendered":"http:\/\/172.27.0.121\/?p=3506"},"modified":"2022-08-29T22:12:36","modified_gmt":"2022-08-29T22:12:36","slug":"venezuela-y-colombia-retoman-relaciones-diplomaticas","status":"publish","type":"post","link":"https:\/\/prensapresidencialvenezuela.gob.ve\/index.php\/2022\/08\/29\/venezuela-y-colombia-retoman-relaciones-diplomaticas\/","title":{"rendered":"Venezuela y Colombia retoman relaciones diplom\u00e1ticas"},"content":{"rendered":"\n<p><strong>Palacio de Miraflores, Caracas.- <\/strong>Ante el presidente de la Rep\u00fablica, Nicol\u00e1s Maduro, el embajador de Colombia, Armando Benedetti, presenta las cartas credenciales que lo acreditan como autoridad diplom\u00e1tica en Venezuela, acci\u00f3n que formaliza el restablecimiento de las relaciones bilaterales interrumpidas en 2019.<\/p>\n\n\n\n<p>La designaci\u00f3n de Armando Benedetti, periodista de profesi\u00f3n nacido en Barranquilla, se oficializ\u00f3 el 11 de agosto en voz del presidente de Colombia, Gustavo Petro, quien encomend\u00f3 la misi\u00f3n prioritaria de \u201crestablecer la institucionalidad que exist\u00eda d\u00e9cadas antes para que los dos pueblos hermanos puedan garantizar sus libertades y lograr que entre Colombia y Venezuela se pueda construir riqueza para ambos pueblos\u201d.<\/p>\n\n\n\n<p>Previo a su llegada a Venezuela, ocurrida este domingo 28 de agosto, el diplom\u00e1tico colombiano reiter\u00f3 que trabajar\u00e1 \u201cpor reconstruir los lazos con nuestro vecino y reparar los da\u00f1os generados en los corazones de nuestros pueblos a ra\u00edz de una ruptura de relaciones que jam\u00e1s debi\u00f3 ocurrir\u201d.<\/p>\n\n\n\n<p>\u201cLas relaciones con Venezuela nunca han debido romperse. Somos hermanos y una l\u00ednea imaginaria no nos puede separar, ni much\u00edsimo menos una pol\u00edtica p\u00fablica de Estado como sucedi\u00f3 con el Presidente (Iv\u00e1n) Duque\u201d, puntualiz\u00f3 a trav\u00e9s de su cuenta en la red social Twitter, @AABenedetti<\/p>\n\n\n\n<p>En una apuesta de cooperaci\u00f3n similar a la planteada \u2013el 23 de agosto- por el Jefe de Estado venezolano sobre la creaci\u00f3n de una Zona Econ\u00f3mica Especial Productiva, Benedetti se\u00f1al\u00f3 que, entre sus objetivos, est\u00e1 evaluar \u201cexenciones de impuestos y una legislaci\u00f3n que permita al Gobierno colombiano invertir en obras que impacten en el desarrollo de la regi\u00f3n\u201d.<\/p>\n\n\n\n<p>La propuesta de Venezuela est\u00e1 relacionada con la construcci\u00f3n de una Zona Econ\u00f3mica Productiva Binacional entre el Norte de Santander y el estado T\u00e1chira, que sentar\u00eda las bases para su expansi\u00f3n en zonas fronterizas del Zulia, Apure y Amazonas.<\/p>\n\n\n\n<p>Venezuela tambi\u00e9n design\u00f3 embajador en la Rep\u00fablica de Colombia. El 11 de agosto, el Presidente Nicol\u00e1s Maduro anunci\u00f3 que F\u00e9lix Plasencia ser\u00eda el encargado de conducir la nueva etapa de las relaciones bilaterales, bajo los principios de respeto mutuo y autodeterminaci\u00f3n de los pueblos.<\/p>\n\n\n\n<p>\u201cComo lo instruy\u00f3 nuestro Pdte. Nicol\u00e1s Maduro, llegamos a la Rep\u00fablica de Colombia, para presentar las Cartas Credenciales ante el Gobierno de esta naci\u00f3n, traemos muchas ganas de avanzar en la Diplomacia de Paz en esta segunda oportunidad que nos brinda la historia de reiniciar las Relaciones Diplom\u00e1ticas entre dos naciones hermanas\u201d, destac\u00f3 Plasencia mediante su cuenta de la red social Twitter, @plasenciafelixr.<\/p>\n\n\n\n<p>El acercamiento entre Colombia y Venezuela inici\u00f3 el 22 de junio a trav\u00e9s de un contacto telef\u00f3nico entre los presidentes Gustavo Petro y Nicol\u00e1s Maduro, respectivamente, donde se abord\u00f3 la disposici\u00f3n de restablecer la normalidad en la frontera.<\/p>\n\n\n\n<p>La voluntad de cooperaci\u00f3n se reafirm\u00f3 el 28 de julio, posterior a un encuentro entre los cancilleres de Venezuela, Carlos Far\u00eda, y de Colombia, \u00c1lvaro Leyva Dur\u00e1n, realizado en el estado T\u00e1chira.<\/p>\n\n\n\n<p>En este sentido, se deline\u00f3 una agenda de trabajo entre las que destacan planes de paz y seguridad, as\u00ed como la apertura progresiva, econ\u00f3mica y comercial de la frontera.<\/p>\n\n\n\n<p><strong>Prensa Presidencial \/ Karelis Gonz\u00e1lez<\/strong><\/p>\n","protected":false},"excerpt":{"rendered":"<p>Palacio de Miraflores, Caracas.- Ante el presidente de la Rep\u00fablica, Nicol\u00e1s Maduro, el embajador de Colombia, Armando Benedetti, presenta las cartas credenciales que lo acreditan como autoridad diplom\u00e1tica en Venezuela, acci\u00f3n que formaliza el restablecimiento de las relaciones bilaterales interrumpidas en 2019. La designaci\u00f3n de Armando Benedetti, periodista de profesi\u00f3n nacido en Barranquilla, se oficializ\u00f3 [&hellip;]<\/p>\n","protected":false},"author":6,"featured_media":3507,"comment_status":"open","ping_status":"open","sticky":false,"template":"","format":"standard","meta":{"footnotes":""},"categories":[18,7],"tags":[40,30,38,19,27,20],"class_list":["post-3506","post","type-post","status-publish","format-standard","has-post-thumbnail","hentry","category-noticias-principales","category-notas-de-prensa","tag-colombia","tag-destacado","tag-diplomacia-bolivariana-de-paz","tag-nicolas-maduro","tag-revolucion-bolivariana","tag-venezuela"],"_links":{"self":[{"href":"https:\/\/prensapresidencialvenezuela.gob.ve\/index.php\/wp-json\/wp\/v2\/posts\/3506","targetHints":{"allow":["GET"]}}],"collection":[{"href":"https:\/\/prensapresidencialvenezuela.gob.ve\/index.php\/wp-json\/wp\/v2\/posts"}],"about":[{"href":"https:\/\/prensapresidencialvenezuela.gob.ve\/index.php\/wp-json\/wp\/v2\/types\/post"}],"author":[{"embeddable":true,"href":"https:\/\/prensapresidencialvenezuela.gob.ve\/index.php\/wp-json\/wp\/v2\/users\/6"}],"replies":[{"embeddable":true,"href":"https:\/\/prensapresidencialvenezuela.gob.ve\/index.php\/wp-json\/wp\/v2\/comments?post=3506"}],"version-history":[{"count":1,"href":"https:\/\/prensapresidencialvenezuela.gob.ve\/index.php\/wp-json\/wp\/v2\/posts\/3506\/revisions"}],"predecessor-version":[{"id":3508,"href":"https:\/\/prensapresidencialvenezuela.gob.ve\/index.php\/wp-json\/wp\/v2\/posts\/3506\/revisions\/3508"}],"wp:featuredmedia":[{"embeddable":true,"href":"https:\/\/prensapresidencialvenezuela.gob.ve\/index.php\/wp-json\/wp\/v2\/media\/3507"}],"wp:attachment":[{"href":"https:\/\/prensapresidencialvenezuela.gob.ve\/index.php\/wp-json\/wp\/v2\/media?parent=3506"}],"wp:term":[{"taxonomy":"category","embeddable":true,"href":"https:\/\/prensapresidencialvenezuela.gob.ve\/index.php\/wp-json\/wp\/v2\/categories?post=3506"},{"taxonomy":"post_tag","embeddable":true,"href":"https:\/\/prensapresidencialvenezuela.gob.ve\/index.php\/wp-json\/wp\/v2\/tags?post=3506"}],"curies":[{"name":"wp","href":"https:\/\/api.w.org\/{rel}","templated":true}]}}