{"id":3533,"date":"2022-09-01T23:25:28","date_gmt":"2022-09-01T23:25:28","guid":{"rendered":"http:\/\/172.27.0.121\/?p=3533"},"modified":"2022-09-01T23:25:28","modified_gmt":"2022-09-01T23:25:28","slug":"69-comites-de-usuarios-acompanaran-proteccion-y-embellecimiento-del-metro-de-caracas","status":"publish","type":"post","link":"https:\/\/prensapresidencialvenezuela.gob.ve\/index.php\/2022\/09\/01\/69-comites-de-usuarios-acompanaran-proteccion-y-embellecimiento-del-metro-de-caracas\/","title":{"rendered":"69 Comit\u00e9s de Usuarios acompa\u00f1ar\u00e1n protecci\u00f3n y embellecimiento del Metro de Caracas"},"content":{"rendered":"\n<p><strong>Las Adjuntas, Caracas.- <\/strong>Con la misi\u00f3n de proteger, embellecer y fortalecer el Metro de Caracas, este jueves entran en funcionamiento 69 Comit\u00e9s de Usuarios, anunci\u00f3 el presidente de la Rep\u00fablica, Nicol\u00e1s Maduro.<\/p>\n\n\n\n<p>\u201cTengo gran fe en la conformaci\u00f3n de los Comit\u00e9s de Usuarios del Metro de Caracas para que hagamos una experiencia comunitaria, socialista, moderna que le podamos mostrar al mundo\u00bb, enfatiz\u00f3 desde los Patios y Talleres del Metro de Caracas, ubicado en Las Adjuntas.<\/p>\n\n\n\n<p>Al respecto, el presidente del Sindicato Bolivariano de los Trabajadores y Trabajadoras del Metro de Caracas (Sitrameca), Edinson Alvarado, detall\u00f3 que el Comit\u00e9 de Usuarios ejercer\u00e1 un rol de acompa\u00f1amiento \u201cdel trabajo que hacemos desde el Metro\u201d en parroquias y municipios.<\/p>\n\n\n\n<p>El Comit\u00e9 de Usuarios operar\u00e1 en las 48 estaciones del Metro de Caracas, as\u00ed como en el MetroCable, Cabletr\u00e9n Bolivariano y Bus Caracas.<\/p>\n\n\n\n<p><strong>Vicepresidenta Rodr\u00edguez, madrina del Metro de Caracas<\/strong><\/p>\n\n\n\n<p>En aras de garantizar la plena ejecuci\u00f3n del Plan \u201cMetro \u00a1Se mueve contigo!\u201d, el Jefe de Estado design\u00f3 a la Vicepresidenta de la Rep\u00fablica, Delcy Rodr\u00edguez, como madrina de la clase obrera del Metro de Caracas.<\/p>\n\n\n\n<p>\u201cNombro madrina de los trabajadores y las trabajadoras;&nbsp; y del Metro de Caracas a Delcy Rodr\u00edguez para todo el proceso que haga falta, para los recursos, para que ella personalmente se meta por aqu\u00ed, por all\u00e1\u201d, puntualiz\u00f3.<\/p>\n\n\n\n<p>Al destacar que \u201cno estamos con retardo, con burocracia\u201d, el Jefe de Estado se\u00f1al\u00f3 que el Plan \u201cMetro \u00a1Se mueve contigo!\u201d demostrar\u00e1 no solo la capacidad de resistencia, sino la determinaci\u00f3n para que \u201cel Metro de Caracas vuelva a ser el mejor, el m\u00e1s bello, el m\u00e1s humano\u201d.<\/p>\n\n\n\n<p><strong>Prensa Presidencial \/ Karelis Gonz\u00e1lez<\/strong><\/p>\n","protected":false},"excerpt":{"rendered":"<p>Las Adjuntas, Caracas.- Con la misi\u00f3n de proteger, embellecer y fortalecer el Metro de Caracas, este jueves entran en funcionamiento 69 Comit\u00e9s de Usuarios, anunci\u00f3 el presidente de la Rep\u00fablica, Nicol\u00e1s Maduro. \u201cTengo gran fe en la conformaci\u00f3n de los Comit\u00e9s de Usuarios del Metro de Caracas para que hagamos una experiencia comunitaria, socialista, moderna [&hellip;]<\/p>\n","protected":false},"author":6,"featured_media":3534,"comment_status":"open","ping_status":"open","sticky":false,"template":"","format":"standard","meta":{"footnotes":""},"categories":[18,7],"tags":[30,48,19,49,20],"class_list":["post-3533","post","type-post","status-publish","format-standard","has-post-thumbnail","hentry","category-noticias-principales","category-notas-de-prensa","tag-destacado","tag-metro-de-caracas","tag-nicolas-maduro","tag-transporte","tag-venezuela"],"_links":{"self":[{"href":"https:\/\/prensapresidencialvenezuela.gob.ve\/index.php\/wp-json\/wp\/v2\/posts\/3533","targetHints":{"allow":["GET"]}}],"collection":[{"href":"https:\/\/prensapresidencialvenezuela.gob.ve\/index.php\/wp-json\/wp\/v2\/posts"}],"about":[{"href":"https:\/\/prensapresidencialvenezuela.gob.ve\/index.php\/wp-json\/wp\/v2\/types\/post"}],"author":[{"embeddable":true,"href":"https:\/\/prensapresidencialvenezuela.gob.ve\/index.php\/wp-json\/wp\/v2\/users\/6"}],"replies":[{"embeddable":true,"href":"https:\/\/prensapresidencialvenezuela.gob.ve\/index.php\/wp-json\/wp\/v2\/comments?post=3533"}],"version-history":[{"count":1,"href":"https:\/\/prensapresidencialvenezuela.gob.ve\/index.php\/wp-json\/wp\/v2\/posts\/3533\/revisions"}],"predecessor-version":[{"id":3535,"href":"https:\/\/prensapresidencialvenezuela.gob.ve\/index.php\/wp-json\/wp\/v2\/posts\/3533\/revisions\/3535"}],"wp:featuredmedia":[{"embeddable":true,"href":"https:\/\/prensapresidencialvenezuela.gob.ve\/index.php\/wp-json\/wp\/v2\/media\/3534"}],"wp:attachment":[{"href":"https:\/\/prensapresidencialvenezuela.gob.ve\/index.php\/wp-json\/wp\/v2\/media?parent=3533"}],"wp:term":[{"taxonomy":"category","embeddable":true,"href":"https:\/\/prensapresidencialvenezuela.gob.ve\/index.php\/wp-json\/wp\/v2\/categories?post=3533"},{"taxonomy":"post_tag","embeddable":true,"href":"https:\/\/prensapresidencialvenezuela.gob.ve\/index.php\/wp-json\/wp\/v2\/tags?post=3533"}],"curies":[{"name":"wp","href":"https:\/\/api.w.org\/{rel}","templated":true}]}}