{"id":3559,"date":"2022-09-13T23:19:37","date_gmt":"2022-09-13T23:19:37","guid":{"rendered":"http:\/\/172.27.0.121\/?p=3559"},"modified":"2022-09-13T23:19:37","modified_gmt":"2022-09-13T23:19:37","slug":"ejecutivo-aprueba-recursos-para-atender-comunidades-carabobenas","status":"publish","type":"post","link":"https:\/\/prensapresidencialvenezuela.gob.ve\/index.php\/2022\/09\/13\/ejecutivo-aprueba-recursos-para-atender-comunidades-carabobenas\/","title":{"rendered":"Ejecutivo aprueba recursos para atender comunidades carabobe\u00f1as"},"content":{"rendered":"\n<p><strong>Valencia, estado Carabobo.-<\/strong> Durante una jornada del 1&#215;10 del Buen Gobierno comunal, el presidente de la Rep\u00fablica, Nicol\u00e1s Maduro Moros, aprob\u00f3 recursos con el prop\u00f3sito de rehabilitar los techos de las viviendas ubicadas en la Comuna \u201cA paso de Vencedores por el Socialismo\u201d, ubicada en el sector Bicentenario, Valencia, estado Carabobo.<\/p>\n\n\n\n<p>Con la rehabilitaci\u00f3n de los techos de las viviendas, m\u00e1s de dos mil 400 familias se beneficiar\u00e1n con los trabajos de infraestructura, \u201cy encargo a la Gran Misi\u00f3n&nbsp; Barrio Nuevo Barrio Tricolor desde ya\u201d, puntualiz\u00f3 el Mandatario.<\/p>\n\n\n\n<p>De igual manera, en la jornada con el Poder Popular de la entidad carabobe\u00f1a, fue aprobada el embaulamiento de la quebrada Ca\u00f1o La Yuca, ubicada&nbsp; alrededor de 14 comunidades que integran el sector Bicentenario, como parte de problem\u00e1ticas detectadas y atendidas a trav\u00e9s del sistema 1&#215;10 del Buen Gobierno.<\/p>\n\n\n\n<p>\u201cAprobados los recursos para embaular a Ca\u00f1o La Yuca, y pasar de la posibilidad a la realidad\u201d, apunt\u00f3 el Jefe de Estado.<\/p>\n\n\n\n<p>Asimismo, fue aprobada la puesta en marcha de una planta potabilizadora para distribuir agua potable en las 14 comunidades que conforman el sector, \u201cy pueden contar con ella desde ma\u00f1ana\u201d.<\/p>\n\n\n\n<p>Esta Comuna agrupa a m\u00e1s de 26 mil habitantes del sector Bicentenario, y consolida la ejecuci\u00f3n del mapa concreto de acci\u00f3n, en aras de fortalecer el Sistema de Misiones y Grandes Misiones, en el marco de las 3R.Nets para atender las comunidades del territorio nacional.<\/p>\n\n\n\n<p>\u201cHay que tener atenci\u00f3n permanente a trav\u00e9s del 1&#215;10 y cambiar todo, cambiar la vieja estructura lenta y perezosa (&#8230;) el 1&#215;10 cambio a una estructura din\u00e1mica conectada con los problemas buscando soluciones y pariendo recursos para el pueblo\u201d, acot\u00f3.<\/p>\n\n\n\n<p><strong>Prensa Presidencial\/Joelin Jim\u00e9nez<\/strong><\/p>\n","protected":false},"excerpt":{"rendered":"<p>Valencia, estado Carabobo.- Durante una jornada del 1&#215;10 del Buen Gobierno comunal, el presidente de la Rep\u00fablica, Nicol\u00e1s Maduro Moros, aprob\u00f3 recursos con el prop\u00f3sito de rehabilitar los techos de las viviendas ubicadas en la Comuna \u201cA paso de Vencedores por el Socialismo\u201d, ubicada en el sector Bicentenario, Valencia, estado Carabobo. Con la rehabilitaci\u00f3n de [&hellip;]<\/p>\n","protected":false},"author":6,"featured_media":3561,"comment_status":"open","ping_status":"open","sticky":false,"template":"","format":"standard","meta":{"footnotes":""},"categories":[18,7,1],"tags":[30,19,20],"class_list":["post-3559","post","type-post","status-publish","format-standard","has-post-thumbnail","hentry","category-noticias-principales","category-notas-de-prensa","category-sin-categoria","tag-destacado","tag-nicolas-maduro","tag-venezuela"],"_links":{"self":[{"href":"https:\/\/prensapresidencialvenezuela.gob.ve\/index.php\/wp-json\/wp\/v2\/posts\/3559","targetHints":{"allow":["GET"]}}],"collection":[{"href":"https:\/\/prensapresidencialvenezuela.gob.ve\/index.php\/wp-json\/wp\/v2\/posts"}],"about":[{"href":"https:\/\/prensapresidencialvenezuela.gob.ve\/index.php\/wp-json\/wp\/v2\/types\/post"}],"author":[{"embeddable":true,"href":"https:\/\/prensapresidencialvenezuela.gob.ve\/index.php\/wp-json\/wp\/v2\/users\/6"}],"replies":[{"embeddable":true,"href":"https:\/\/prensapresidencialvenezuela.gob.ve\/index.php\/wp-json\/wp\/v2\/comments?post=3559"}],"version-history":[{"count":1,"href":"https:\/\/prensapresidencialvenezuela.gob.ve\/index.php\/wp-json\/wp\/v2\/posts\/3559\/revisions"}],"predecessor-version":[{"id":3562,"href":"https:\/\/prensapresidencialvenezuela.gob.ve\/index.php\/wp-json\/wp\/v2\/posts\/3559\/revisions\/3562"}],"wp:featuredmedia":[{"embeddable":true,"href":"https:\/\/prensapresidencialvenezuela.gob.ve\/index.php\/wp-json\/wp\/v2\/media\/3561"}],"wp:attachment":[{"href":"https:\/\/prensapresidencialvenezuela.gob.ve\/index.php\/wp-json\/wp\/v2\/media?parent=3559"}],"wp:term":[{"taxonomy":"category","embeddable":true,"href":"https:\/\/prensapresidencialvenezuela.gob.ve\/index.php\/wp-json\/wp\/v2\/categories?post=3559"},{"taxonomy":"post_tag","embeddable":true,"href":"https:\/\/prensapresidencialvenezuela.gob.ve\/index.php\/wp-json\/wp\/v2\/tags?post=3559"}],"curies":[{"name":"wp","href":"https:\/\/api.w.org\/{rel}","templated":true}]}}