{"id":3566,"date":"2022-09-14T00:08:04","date_gmt":"2022-09-14T00:08:04","guid":{"rendered":"http:\/\/172.27.0.121\/?p=3566"},"modified":"2022-09-14T00:08:04","modified_gmt":"2022-09-14T00:08:04","slug":"1500-personas-son-favorecidas-con-casas-de-alimentacion-en-ciudad-caribia","status":"publish","type":"post","link":"https:\/\/prensapresidencialvenezuela.gob.ve\/index.php\/2022\/09\/14\/1500-personas-son-favorecidas-con-casas-de-alimentacion-en-ciudad-caribia\/","title":{"rendered":"1500 personas son favorecidas con Casas de Alimentaci\u00f3n en Ciudad Caribia"},"content":{"rendered":"\n<p><strong>Valencia, estado Carabobo.-<\/strong> Un total de 1500 personas son favorecidas con Casas de Alimentaci\u00f3n en el Urbanismo Ciudad Caribia, ubicado en la ciudad capital, inform\u00f3 la Alcaldesa del municipio Libertador, Carmen Mel\u00e9ndez, este martes. &nbsp;<\/p>\n\n\n\n<p>Durante la inauguraci\u00f3n del Comedor Escuela y Casa de Alimentaci\u00f3n \u201cGuerreros de la Monta\u00f1a\u201d, la Alcaldesa detall\u00f3 que esta nueva infraestructura atender\u00e1 a 450 personas.<\/p>\n\n\n\n<p>Por su parte, el ministro del Poder Popular para la Alimentaci\u00f3n, Carlos&nbsp;Leal Teller\u00eda, pormenoriz\u00f3 que a la fecha 3.884 casas de alimentaci\u00f3n est\u00e1n operativas en todo el territorio nacional, atendiendo m\u00e1s de 720 mil personas.<\/p>\n\n\n\n<p>Asimismo, indic\u00f3 que estos centros ofrecen formaci\u00f3n integral para orientar a la poblaci\u00f3n sobre la importancia del consumo de alimentos sanos.<\/p>\n\n\n\n<p>La informaci\u00f3n fue dada a conocer a prop\u00f3sito de realizarse una jornada de trabajo con comuneros y comuneras, liderada por el presidente de la Rep\u00fablica, Nicol\u00e1s Maduro Moros, quien atendiendo las solicitudes de los habitantes de Ciudad Caribia orden\u00f3 la disposici\u00f3n de 10 unidades de transporte que presten servicio hacia esa localidad de forma inmediata.<\/p>\n\n\n\n<p><strong>Base de Misiones<\/strong><\/p>\n\n\n\n<p>En el sector Palo Negro del estado Aragua, el Gobierno Bolivariano inaugur\u00f3 la Base de Misiones Socialistas \u201cLos Gigantes de la Revoluci\u00f3n\u201d, en la cual hacen vida 13 Comunidades, una Comuna y se han engranado todos los Movimientos Sociales, Misiones y Micro Misiones.<\/p>\n\n\n\n<p>Esta infraestructura, que forma parte de 112 similares que abren sus puertas en distintos puntos del pa\u00eds, cuenta con casa de alimentaci\u00f3n, consultorio popular, \u00e1reas educativas y de atenci\u00f3n social para el otorgamiento de ayudas t\u00e9cnicas.&nbsp;<\/p>\n\n\n\n<p><strong>Prensa Presidencial<\/strong><\/p>\n","protected":false},"excerpt":{"rendered":"<p>Valencia, estado Carabobo.- Un total de 1500 personas son favorecidas con Casas de Alimentaci\u00f3n en el Urbanismo Ciudad Caribia, ubicado en la ciudad capital, inform\u00f3 la Alcaldesa del municipio Libertador, Carmen Mel\u00e9ndez, este martes. &nbsp; Durante la inauguraci\u00f3n del Comedor Escuela y Casa de Alimentaci\u00f3n \u201cGuerreros de la Monta\u00f1a\u201d, la Alcaldesa detall\u00f3 que esta nueva [&hellip;]<\/p>\n","protected":false},"author":6,"featured_media":3567,"comment_status":"open","ping_status":"open","sticky":false,"template":"","format":"standard","meta":{"footnotes":""},"categories":[18,7],"tags":[30,19,20],"class_list":["post-3566","post","type-post","status-publish","format-standard","has-post-thumbnail","hentry","category-noticias-principales","category-notas-de-prensa","tag-destacado","tag-nicolas-maduro","tag-venezuela"],"_links":{"self":[{"href":"https:\/\/prensapresidencialvenezuela.gob.ve\/index.php\/wp-json\/wp\/v2\/posts\/3566","targetHints":{"allow":["GET"]}}],"collection":[{"href":"https:\/\/prensapresidencialvenezuela.gob.ve\/index.php\/wp-json\/wp\/v2\/posts"}],"about":[{"href":"https:\/\/prensapresidencialvenezuela.gob.ve\/index.php\/wp-json\/wp\/v2\/types\/post"}],"author":[{"embeddable":true,"href":"https:\/\/prensapresidencialvenezuela.gob.ve\/index.php\/wp-json\/wp\/v2\/users\/6"}],"replies":[{"embeddable":true,"href":"https:\/\/prensapresidencialvenezuela.gob.ve\/index.php\/wp-json\/wp\/v2\/comments?post=3566"}],"version-history":[{"count":1,"href":"https:\/\/prensapresidencialvenezuela.gob.ve\/index.php\/wp-json\/wp\/v2\/posts\/3566\/revisions"}],"predecessor-version":[{"id":3568,"href":"https:\/\/prensapresidencialvenezuela.gob.ve\/index.php\/wp-json\/wp\/v2\/posts\/3566\/revisions\/3568"}],"wp:featuredmedia":[{"embeddable":true,"href":"https:\/\/prensapresidencialvenezuela.gob.ve\/index.php\/wp-json\/wp\/v2\/media\/3567"}],"wp:attachment":[{"href":"https:\/\/prensapresidencialvenezuela.gob.ve\/index.php\/wp-json\/wp\/v2\/media?parent=3566"}],"wp:term":[{"taxonomy":"category","embeddable":true,"href":"https:\/\/prensapresidencialvenezuela.gob.ve\/index.php\/wp-json\/wp\/v2\/categories?post=3566"},{"taxonomy":"post_tag","embeddable":true,"href":"https:\/\/prensapresidencialvenezuela.gob.ve\/index.php\/wp-json\/wp\/v2\/tags?post=3566"}],"curies":[{"name":"wp","href":"https:\/\/api.w.org\/{rel}","templated":true}]}}