{"id":3574,"date":"2022-09-14T23:22:57","date_gmt":"2022-09-14T23:22:57","guid":{"rendered":"http:\/\/172.27.0.121\/?p=3574"},"modified":"2022-09-14T23:22:57","modified_gmt":"2022-09-14T23:22:57","slug":"presidente-otorga-condecoracion-a-ex-secretario-general-de-la-opep","status":"publish","type":"post","link":"https:\/\/prensapresidencialvenezuela.gob.ve\/index.php\/2022\/09\/14\/presidente-otorga-condecoracion-a-ex-secretario-general-de-la-opep\/","title":{"rendered":"Presidente otorga condecoraci\u00f3n a ex secretario General de la OPEP"},"content":{"rendered":"\n<p><strong>Palacio de Miraflores, Caracas.-&nbsp;<\/strong>Este mi\u00e9rcoles, el presidente de la Rep\u00fablica Bolivariana de Venezuela, Nicol\u00e1s Maduro Moros, entreg\u00f3 la Orden Libertadores y Libertadoras de Venezuela, en su Primera Clase, a \u00c1lvaro Jos\u00e9 Silva Calder\u00f3n, quien se desempe\u00f1ara como secretario General de la Organizaci\u00f3n de Pa\u00edses Exportadores de Petr\u00f3leo (OPEP) entre 2002 y 2003.<\/p>\n\n\n\n<p>Durante la ceremonia de condecoraci\u00f3n, realizada en el Palacio de Miraflores, ubicado en Caracas, consider\u00f3 a Silva Calder\u00f3n como \u201cleyenda viviente de la lucha por la soberan\u00eda energ\u00e9tica de nuestros pueblos\u201d.<\/p>\n\n\n\n<p>\u201cHoy condecorado con la Orden Libertadores y Libertadoras de Venezuela de manera honrosa, merecida. El doctor \u00c1lvaro Silva Calder\u00f3n es uno de los baluartes del pensamiento econ\u00f3mico y petrolero de Venezuela, alumno directo de Juan Pablo P\u00e9rez Alfonzo, hermano del alma de Al\u00ed Rodr\u00edguez Araque y compa\u00f1ero de lucha de nuestro Comandante Hugo Ch\u00e1vez\u201d, destac\u00f3.<\/p>\n\n\n\n<p>Detall\u00f3 que Silva Calder\u00f3n fue testigo de la creaci\u00f3n de la OPEP, vi\u00e9ndola \u201ccrecer y desenvolverse en todas las coyunturas de los a\u00f1os 60, 70, 80, 90\u201d.<\/p>\n\n\n\n<p>Silva Calder\u00f3n naci\u00f3 en Teres\u00e9n, estado Monagas, el 9 de junio de 1929. Abogado y pol\u00edtico venezolano, fue miembro de la comisi\u00f3n consultiva del Ministerio de Minas e Hidrocarburos durante la gesti\u00f3n de Juan Pablo P\u00e9rez Alfonzo (fundador de la OPEP) en 1959.<\/p>\n\n\n\n<p>Entre 2000 \u2013 2002, se desempe\u00f1\u00f3 como Ministro de Energ\u00eda y Minas, as\u00ed como tambi\u00e9n ejerci\u00f3 competencias como Director Externo de la Junta directiva de Petr\u00f3leos de Venezuela.<\/p>\n\n\n\n<p>De la igual manera, fue Presidente de la Asamblea Legislativa del estado Monagas en 1965; miembro del Consejo Directivo y Administrativo del Instituto Nacional de Canalizaciones (1968); miembro del Consejo Nacional de la Energ\u00eda (1995); y Viceministro de Minas del Ministerio de Energ\u00eda y Minas (2000).<\/p>\n\n\n\n<p>Para 2002 ocup\u00f3 la secretar\u00eda General de la OPEP, para completar el periodo de tres a\u00f1os del ex ministro Al\u00ed Rodr\u00edguez Araque.<\/p>\n\n\n\n<p>La OPEP es un mecanismo que busca defender y mantener el equilibrio del mercado petrolero, asimismo Venezuela ha reiterado su compromiso y la fortaleza del di\u00e1logo, adem\u00e1s del intercambio energ\u00e9tico global para estabilizar la oferta post pandemia.<\/p>\n\n\n\n<p><strong>Prensa Presidencial\/Joelin Jim\u00e9nez<\/strong><\/p>\n\n\n\n<p><\/p>\n","protected":false},"excerpt":{"rendered":"<p>Palacio de Miraflores, Caracas.-&nbsp;Este mi\u00e9rcoles, el presidente de la Rep\u00fablica Bolivariana de Venezuela, Nicol\u00e1s Maduro Moros, entreg\u00f3 la Orden Libertadores y Libertadoras de Venezuela, en su Primera Clase, a \u00c1lvaro Jos\u00e9 Silva Calder\u00f3n, quien se desempe\u00f1ara como secretario General de la Organizaci\u00f3n de Pa\u00edses Exportadores de Petr\u00f3leo (OPEP) entre 2002 y 2003. Durante la ceremonia [&hellip;]<\/p>\n","protected":false},"author":6,"featured_media":3575,"comment_status":"open","ping_status":"open","sticky":false,"template":"","format":"standard","meta":{"footnotes":""},"categories":[18,7],"tags":[30,21,19,55,20],"class_list":["post-3574","post","type-post","status-publish","format-standard","has-post-thumbnail","hentry","category-noticias-principales","category-notas-de-prensa","tag-destacado","tag-economia-venezolana","tag-nicolas-maduro","tag-opep-2","tag-venezuela"],"_links":{"self":[{"href":"https:\/\/prensapresidencialvenezuela.gob.ve\/index.php\/wp-json\/wp\/v2\/posts\/3574","targetHints":{"allow":["GET"]}}],"collection":[{"href":"https:\/\/prensapresidencialvenezuela.gob.ve\/index.php\/wp-json\/wp\/v2\/posts"}],"about":[{"href":"https:\/\/prensapresidencialvenezuela.gob.ve\/index.php\/wp-json\/wp\/v2\/types\/post"}],"author":[{"embeddable":true,"href":"https:\/\/prensapresidencialvenezuela.gob.ve\/index.php\/wp-json\/wp\/v2\/users\/6"}],"replies":[{"embeddable":true,"href":"https:\/\/prensapresidencialvenezuela.gob.ve\/index.php\/wp-json\/wp\/v2\/comments?post=3574"}],"version-history":[{"count":1,"href":"https:\/\/prensapresidencialvenezuela.gob.ve\/index.php\/wp-json\/wp\/v2\/posts\/3574\/revisions"}],"predecessor-version":[{"id":3576,"href":"https:\/\/prensapresidencialvenezuela.gob.ve\/index.php\/wp-json\/wp\/v2\/posts\/3574\/revisions\/3576"}],"wp:featuredmedia":[{"embeddable":true,"href":"https:\/\/prensapresidencialvenezuela.gob.ve\/index.php\/wp-json\/wp\/v2\/media\/3575"}],"wp:attachment":[{"href":"https:\/\/prensapresidencialvenezuela.gob.ve\/index.php\/wp-json\/wp\/v2\/media?parent=3574"}],"wp:term":[{"taxonomy":"category","embeddable":true,"href":"https:\/\/prensapresidencialvenezuela.gob.ve\/index.php\/wp-json\/wp\/v2\/categories?post=3574"},{"taxonomy":"post_tag","embeddable":true,"href":"https:\/\/prensapresidencialvenezuela.gob.ve\/index.php\/wp-json\/wp\/v2\/tags?post=3574"}],"curies":[{"name":"wp","href":"https:\/\/api.w.org\/{rel}","templated":true}]}}