{"id":3594,"date":"2022-09-16T00:06:44","date_gmt":"2022-09-16T00:06:44","guid":{"rendered":"http:\/\/172.27.0.121\/?p=3594"},"modified":"2022-09-16T00:06:44","modified_gmt":"2022-09-16T00:06:44","slug":"venezuela-iniciara-ensamblaje-de-vehiculos-en-empresa-veniran","status":"publish","type":"post","link":"https:\/\/prensapresidencialvenezuela.gob.ve\/index.php\/2022\/09\/16\/venezuela-iniciara-ensamblaje-de-vehiculos-en-empresa-veniran\/","title":{"rendered":"Venezuela iniciar\u00e1 ensamblaje de veh\u00edculos en empresa Veniran"},"content":{"rendered":"\n<p><strong>Poliedro de Caracas, La Rinconada.- <\/strong>A trav\u00e9s de la empresa Veniran Tractores, Venezuela iniciar\u00e1n el ensamblaje de veh\u00edculos el\u00e9ctricos y con alto rendimiento de combustible.<\/p>\n\n\n\n<p>Desde la ExpoFeria Cient\u00edfica, Tecnol\u00f3gica e Industrial Ir\u00e1n \u2013 Venezuela, instalada en el Poliedro de Caracas, el presidente de la Rep\u00fablica, Nicol\u00e1s Maduro, detall\u00f3 que \u201ctenemos lista la plataforma\u201d para la industrializaci\u00f3n del sector automotriz a partir de la asociaci\u00f3n de las capacidades venezolanas e iran\u00edes.<\/p>\n\n\n\n<p>La reactivaci\u00f3n de Veniran Tractores apunta adem\u00e1s a la producci\u00f3n nacional de partes y piezas, contando con la participaci\u00f3n activa de empresarios venezolanos \u201cpara que formen parte de la fabricaci\u00f3n\u201d, agreg\u00f3 el ministro del Poder Popular para Transporte, Ram\u00f3n Vel\u00e1zquez Araguay\u00e1n.<\/p>\n\n\n\n<p>Asimismo, el Jefe de Estado se\u00f1al\u00f3 que retomar\u00e1n la producci\u00f3n de tractores con modelos \u201cm\u00e1s modernos, m\u00e1s funcionales\u201d a partir de la experiencia iran\u00ed \u201cprobada en todos los campos de producci\u00f3n\u201d.<\/p>\n\n\n\n<p>La expansi\u00f3n de la industria automotriz en Venezuela tambi\u00e9n se fortalecer\u00e1 con la operatividad de las dos l\u00edneas de producci\u00f3n de la empresa Venirauto, acci\u00f3n que se desarrolla en simult\u00e1neo a los esfuerzos de sustituci\u00f3n de importaciones.<\/p>\n\n\n\n<p>En este sentido, el ministro del Poder Popular para Industrias y Producci\u00f3n Nacional, Hip\u00f3lito Abreu, destac\u00f3 que avanzan en el \u201cproceso de apropiaci\u00f3n tecnol\u00f3gica, producci\u00f3n nacional, incorporaci\u00f3n de c\u00e1maras nacionales p\u00fablicas y privadas para que podamos dar el servicio posventa con productos fabricados en nuestro territorio\u201d.<\/p>\n\n\n\n<p>Dentro de las metas previstas para el sector industrial, Abreu se\u00f1al\u00f3 que se prev\u00e9 el relanzamiento del Plan \u201cVenezuela M\u00f3vil\u201d que apunta a la industrializaci\u00f3n con la fuerza productiva venezolana e iran\u00ed.<\/p>\n\n\n\n<p><strong>Prensa Presidencial \/ Karelis Gonz\u00e1lez<\/strong><\/p>\n","protected":false},"excerpt":{"rendered":"<p>Poliedro de Caracas, La Rinconada.- A trav\u00e9s de la empresa Veniran Tractores, Venezuela iniciar\u00e1n el ensamblaje de veh\u00edculos el\u00e9ctricos y con alto rendimiento de combustible. Desde la ExpoFeria Cient\u00edfica, Tecnol\u00f3gica e Industrial Ir\u00e1n \u2013 Venezuela, instalada en el Poliedro de Caracas, el presidente de la Rep\u00fablica, Nicol\u00e1s Maduro, detall\u00f3 que \u201ctenemos lista la plataforma\u201d para [&hellip;]<\/p>\n","protected":false},"author":6,"featured_media":3595,"comment_status":"open","ping_status":"open","sticky":false,"template":"","format":"standard","meta":{"footnotes":""},"categories":[18,7],"tags":[30,21,56,19,20],"class_list":["post-3594","post","type-post","status-publish","format-standard","has-post-thumbnail","hentry","category-noticias-principales","category-notas-de-prensa","tag-destacado","tag-economia-venezolana","tag-iran","tag-nicolas-maduro","tag-venezuela"],"_links":{"self":[{"href":"https:\/\/prensapresidencialvenezuela.gob.ve\/index.php\/wp-json\/wp\/v2\/posts\/3594","targetHints":{"allow":["GET"]}}],"collection":[{"href":"https:\/\/prensapresidencialvenezuela.gob.ve\/index.php\/wp-json\/wp\/v2\/posts"}],"about":[{"href":"https:\/\/prensapresidencialvenezuela.gob.ve\/index.php\/wp-json\/wp\/v2\/types\/post"}],"author":[{"embeddable":true,"href":"https:\/\/prensapresidencialvenezuela.gob.ve\/index.php\/wp-json\/wp\/v2\/users\/6"}],"replies":[{"embeddable":true,"href":"https:\/\/prensapresidencialvenezuela.gob.ve\/index.php\/wp-json\/wp\/v2\/comments?post=3594"}],"version-history":[{"count":1,"href":"https:\/\/prensapresidencialvenezuela.gob.ve\/index.php\/wp-json\/wp\/v2\/posts\/3594\/revisions"}],"predecessor-version":[{"id":3596,"href":"https:\/\/prensapresidencialvenezuela.gob.ve\/index.php\/wp-json\/wp\/v2\/posts\/3594\/revisions\/3596"}],"wp:featuredmedia":[{"embeddable":true,"href":"https:\/\/prensapresidencialvenezuela.gob.ve\/index.php\/wp-json\/wp\/v2\/media\/3595"}],"wp:attachment":[{"href":"https:\/\/prensapresidencialvenezuela.gob.ve\/index.php\/wp-json\/wp\/v2\/media?parent=3594"}],"wp:term":[{"taxonomy":"category","embeddable":true,"href":"https:\/\/prensapresidencialvenezuela.gob.ve\/index.php\/wp-json\/wp\/v2\/categories?post=3594"},{"taxonomy":"post_tag","embeddable":true,"href":"https:\/\/prensapresidencialvenezuela.gob.ve\/index.php\/wp-json\/wp\/v2\/tags?post=3594"}],"curies":[{"name":"wp","href":"https:\/\/api.w.org\/{rel}","templated":true}]}}