{"id":3600,"date":"2022-09-16T00:48:45","date_gmt":"2022-09-16T00:48:45","guid":{"rendered":"http:\/\/172.27.0.121\/?p=3600"},"modified":"2022-09-16T00:48:45","modified_gmt":"2022-09-16T00:48:45","slug":"expoferia-iran-venezuela-dara-paso-a-mayores-alcances-en-la-produccion-agricola-nacional","status":"publish","type":"post","link":"https:\/\/prensapresidencialvenezuela.gob.ve\/index.php\/2022\/09\/16\/expoferia-iran-venezuela-dara-paso-a-mayores-alcances-en-la-produccion-agricola-nacional\/","title":{"rendered":"ExpoFeria Ir\u00e1n -Venezuela dar\u00e1 paso a mayores alcances en la producci\u00f3n agr\u00edcola nacional"},"content":{"rendered":"\n<p><strong>Poliedro de Caracas, Caracas.-<\/strong> El presidente de la Rep\u00fablica Bolivariana de Venezuela, Nicol\u00e1s Maduro, afirm\u00f3 que la ExpoFeria Cient\u00edfica, Tecnol\u00f3gica e Industrial Ir\u00e1n \u2013 Venezuela, dar\u00e1 paso a mayores alcances en la producci\u00f3n agr\u00edcola nacional.<\/p>\n\n\n\n<p>Desde el Poliedro de Caracas, lugar que alberga esta muestra venezolana &#8211; iran\u00ed, indico que es importante que los empresarios y los cient\u00edficos venezolanos e iran\u00edes sepan que Venezuela est\u00e1 viviendo un renacimiento y un milagro que no ocurr\u00eda desde hace 120 a\u00f1os, con el actual renacer de la producci\u00f3n agr\u00edcola.<br><br>Sobre los aspectos identificados para articular esfuerzos conjuntos en este sector, el ministro del Poder Popular para Agricultura y Tierras, Wilmer Castro Soteldo, se\u00f1al\u00f3 que tras la visita que realiz\u00f3, en la reciente gira encabezada por el jefe de Estado venezolano por las naciones euroasi\u00e1ticos, se conoci\u00f3 la experiencia de una planta de probi\u00f3ticos con impacto positivo en la nutrici\u00f3n de animales y los suelos.<br><br>En consonancia con ello, se\u00f1al\u00f3 que empresarios iran\u00edes visitaron este jueves una planta de producci\u00f3n de bio-insumos, ubicada en Turmero, estado Aragua, \u201cquedando impresionados. Ya hay tres extensiones de exportaci\u00f3n desde Venezuela hacia Ir\u00e1n, de los biofertilizantes que estamos haciendo y hay una relaci\u00f3n aproximada de 24 citas de empresarios venezolanos con las empresas iran\u00edes para estudiar y evaluar estos productos que no s\u00f3lo son para uso animal sino el mejoramiento de los suelos\u201d.<\/p>\n\n\n\n<p>Sobre la nanotecnolog\u00eda aplicada a la siembra y a la producci\u00f3n de semilla, Soteldo precis\u00f3: \u201cvimos producci\u00f3n de semillas en Iran (tratada desde el punto de vista de la nanotecnologia y la biotecnolog\u00eda) con alto rendimiento, incluso son productos agr\u00edcolas que son tropicales, que no en esas zonas (de Ir\u00e1n) y producci\u00f3n en invernaderos con muy m\u00ednimo consumo de energ\u00eda, usando la energ\u00eda propia del suelo, las tierras, el sol, el viento\u201d.<\/p>\n\n\n\n<p>Inform\u00f3 que \u201cya nuestros empresarios e instituciones tienen citas programadas, casi el 60% de las citas programadas las tiene el sector agroindustrial venezolano\u201d al anunciar que \u201cma\u00f1ana tendremos una reuni\u00f3n de trabajo para inversi\u00f3n en proyectos de catorce l\u00edneas de investigaci\u00f3n que estamos presentando para ver la posibilidad de intercambiar experiencias, tanto de financiamiento como de experiencias productivas en el pa\u00eds\u201d.<\/p>\n\n\n\n<p><strong>Prensa Presidencial\/Anais P\u00e9rez<\/strong><\/p>\n","protected":false},"excerpt":{"rendered":"<p>Poliedro de Caracas, Caracas.- El presidente de la Rep\u00fablica Bolivariana de Venezuela, Nicol\u00e1s Maduro, afirm\u00f3 que la ExpoFeria Cient\u00edfica, Tecnol\u00f3gica e Industrial Ir\u00e1n \u2013 Venezuela, dar\u00e1 paso a mayores alcances en la producci\u00f3n agr\u00edcola nacional. Desde el Poliedro de Caracas, lugar que alberga esta muestra venezolana &#8211; iran\u00ed, indico que es importante que los empresarios [&hellip;]<\/p>\n","protected":false},"author":6,"featured_media":3601,"comment_status":"open","ping_status":"open","sticky":false,"template":"","format":"standard","meta":{"footnotes":""},"categories":[18,7],"tags":[30,21,19,20],"class_list":["post-3600","post","type-post","status-publish","format-standard","has-post-thumbnail","hentry","category-noticias-principales","category-notas-de-prensa","tag-destacado","tag-economia-venezolana","tag-nicolas-maduro","tag-venezuela"],"_links":{"self":[{"href":"https:\/\/prensapresidencialvenezuela.gob.ve\/index.php\/wp-json\/wp\/v2\/posts\/3600","targetHints":{"allow":["GET"]}}],"collection":[{"href":"https:\/\/prensapresidencialvenezuela.gob.ve\/index.php\/wp-json\/wp\/v2\/posts"}],"about":[{"href":"https:\/\/prensapresidencialvenezuela.gob.ve\/index.php\/wp-json\/wp\/v2\/types\/post"}],"author":[{"embeddable":true,"href":"https:\/\/prensapresidencialvenezuela.gob.ve\/index.php\/wp-json\/wp\/v2\/users\/6"}],"replies":[{"embeddable":true,"href":"https:\/\/prensapresidencialvenezuela.gob.ve\/index.php\/wp-json\/wp\/v2\/comments?post=3600"}],"version-history":[{"count":1,"href":"https:\/\/prensapresidencialvenezuela.gob.ve\/index.php\/wp-json\/wp\/v2\/posts\/3600\/revisions"}],"predecessor-version":[{"id":3602,"href":"https:\/\/prensapresidencialvenezuela.gob.ve\/index.php\/wp-json\/wp\/v2\/posts\/3600\/revisions\/3602"}],"wp:featuredmedia":[{"embeddable":true,"href":"https:\/\/prensapresidencialvenezuela.gob.ve\/index.php\/wp-json\/wp\/v2\/media\/3601"}],"wp:attachment":[{"href":"https:\/\/prensapresidencialvenezuela.gob.ve\/index.php\/wp-json\/wp\/v2\/media?parent=3600"}],"wp:term":[{"taxonomy":"category","embeddable":true,"href":"https:\/\/prensapresidencialvenezuela.gob.ve\/index.php\/wp-json\/wp\/v2\/categories?post=3600"},{"taxonomy":"post_tag","embeddable":true,"href":"https:\/\/prensapresidencialvenezuela.gob.ve\/index.php\/wp-json\/wp\/v2\/tags?post=3600"}],"curies":[{"name":"wp","href":"https:\/\/api.w.org\/{rel}","templated":true}]}}