{"id":3610,"date":"2022-09-20T01:27:09","date_gmt":"2022-09-20T01:27:09","guid":{"rendered":"http:\/\/172.27.0.121\/?p=3610"},"modified":"2022-09-20T01:27:09","modified_gmt":"2022-09-20T01:27:09","slug":"venezuela-iniciara-actividades-academicas-el-proximo-3-de-octubre","status":"publish","type":"post","link":"https:\/\/prensapresidencialvenezuela.gob.ve\/index.php\/2022\/09\/20\/venezuela-iniciara-actividades-academicas-el-proximo-3-de-octubre\/","title":{"rendered":"Venezuela iniciar\u00e1 actividades acad\u00e9micas el pr\u00f3ximo 3 de octubre"},"content":{"rendered":"\n<p><strong>Cuartel de la Monta\u00f1a 4F, Caracas.-<\/strong>&nbsp;El pr\u00f3ximo lunes 3 de octubre comienzan las actividades acad\u00e9micas del a\u00f1o escolar 2022-2023 en los diferentes niveles y modalidades, inform\u00f3 este lunes el presidente de la Rep\u00fablica, Nicol\u00e1s Maduro Moros.<\/p>\n\n\n\n<p>Durante una reuni\u00f3n con Gobernadores y Alcaldes Bolivarianos, realizada en el Cuartel de la Monta\u00f1a, 4F, ubicado en Caracas, el Jefe de Estado se\u00f1al\u00f3 que vamos a clases \u201ccon amor, compromiso y las estrictas medidas de bioseguridad\u201d.<\/p>\n\n\n\n<p>El Mandatario nacional hizo \u00e9nfasis en que la pandemia a\u00fan no ha llegado a su fin y por esta raz\u00f3n es necesario mantener los cuidados, la prevenci\u00f3n y evitar contagios del COVID-19.<\/p>\n\n\n\n<p>En d\u00edas pasados, la ministra del Poder Popular para la Educaci\u00f3n, Yelitze Santaella, present\u00f3 el cronograma acad\u00e9mico para el nuevo a\u00f1o escolar 2022-2023, en el que detalla las fechas de inicio de las actividades administrativas y acad\u00e9micas en las instituciones educativas.<\/p>\n\n\n\n<p><strong>Misiones Sociales<\/strong><\/p>\n\n\n\n<p>El Presidente de la Rep\u00fablica pormenoriz\u00f3 que el Ejecutivo nacional, conjuntamente con los gobiernos regionales y locales, se encuentra trabajando en un plan que conlleve al perfeccionamiento de las Misiones Sociales, para que cada pol\u00edtica p\u00fablica mejore el cumplimiento de sus objetivos y se logre la disminuci\u00f3n de la pobreza.<\/p>\n\n\n\n<p>Este plan ser\u00e1 ejecutado durante el primer trimestre del a\u00f1o 2023, detall\u00f3 el presidente Maduro.<\/p>\n\n\n\n<p><strong>Prensa Presidencial<\/strong><\/p>\n","protected":false},"excerpt":{"rendered":"<p>Cuartel de la Monta\u00f1a 4F, Caracas.-&nbsp;El pr\u00f3ximo lunes 3 de octubre comienzan las actividades acad\u00e9micas del a\u00f1o escolar 2022-2023 en los diferentes niveles y modalidades, inform\u00f3 este lunes el presidente de la Rep\u00fablica, Nicol\u00e1s Maduro Moros. Durante una reuni\u00f3n con Gobernadores y Alcaldes Bolivarianos, realizada en el Cuartel de la Monta\u00f1a, 4F, ubicado en Caracas, [&hellip;]<\/p>\n","protected":false},"author":6,"featured_media":3611,"comment_status":"open","ping_status":"open","sticky":false,"template":"","format":"standard","meta":{"footnotes":""},"categories":[18,7],"tags":[30,19,27,20],"class_list":["post-3610","post","type-post","status-publish","format-standard","has-post-thumbnail","hentry","category-noticias-principales","category-notas-de-prensa","tag-destacado","tag-nicolas-maduro","tag-revolucion-bolivariana","tag-venezuela"],"_links":{"self":[{"href":"https:\/\/prensapresidencialvenezuela.gob.ve\/index.php\/wp-json\/wp\/v2\/posts\/3610","targetHints":{"allow":["GET"]}}],"collection":[{"href":"https:\/\/prensapresidencialvenezuela.gob.ve\/index.php\/wp-json\/wp\/v2\/posts"}],"about":[{"href":"https:\/\/prensapresidencialvenezuela.gob.ve\/index.php\/wp-json\/wp\/v2\/types\/post"}],"author":[{"embeddable":true,"href":"https:\/\/prensapresidencialvenezuela.gob.ve\/index.php\/wp-json\/wp\/v2\/users\/6"}],"replies":[{"embeddable":true,"href":"https:\/\/prensapresidencialvenezuela.gob.ve\/index.php\/wp-json\/wp\/v2\/comments?post=3610"}],"version-history":[{"count":1,"href":"https:\/\/prensapresidencialvenezuela.gob.ve\/index.php\/wp-json\/wp\/v2\/posts\/3610\/revisions"}],"predecessor-version":[{"id":3612,"href":"https:\/\/prensapresidencialvenezuela.gob.ve\/index.php\/wp-json\/wp\/v2\/posts\/3610\/revisions\/3612"}],"wp:featuredmedia":[{"embeddable":true,"href":"https:\/\/prensapresidencialvenezuela.gob.ve\/index.php\/wp-json\/wp\/v2\/media\/3611"}],"wp:attachment":[{"href":"https:\/\/prensapresidencialvenezuela.gob.ve\/index.php\/wp-json\/wp\/v2\/media?parent=3610"}],"wp:term":[{"taxonomy":"category","embeddable":true,"href":"https:\/\/prensapresidencialvenezuela.gob.ve\/index.php\/wp-json\/wp\/v2\/categories?post=3610"},{"taxonomy":"post_tag","embeddable":true,"href":"https:\/\/prensapresidencialvenezuela.gob.ve\/index.php\/wp-json\/wp\/v2\/tags?post=3610"}],"curies":[{"name":"wp","href":"https:\/\/api.w.org\/{rel}","templated":true}]}}