{"id":3613,"date":"2022-09-20T01:55:46","date_gmt":"2022-09-20T01:55:46","guid":{"rendered":"http:\/\/172.27.0.121\/?p=3613"},"modified":"2022-09-20T01:55:46","modified_gmt":"2022-09-20T01:55:46","slug":"comision-multidisciplinaria-presentara-avances-de-ley-de-armonizacion-tributaria","status":"publish","type":"post","link":"https:\/\/prensapresidencialvenezuela.gob.ve\/index.php\/2022\/09\/20\/comision-multidisciplinaria-presentara-avances-de-ley-de-armonizacion-tributaria\/","title":{"rendered":"Comisi\u00f3n multidisciplinaria presentar\u00e1 avances de Ley de Armonizaci\u00f3n Tributaria"},"content":{"rendered":"\n<p><strong>Cuartel de la Monta\u00f1a 4F, Caracas.- <\/strong>En un plazo de siete d\u00edas, una Comisi\u00f3n Multidisciplinaria, encabezada por la Vicepresidenta de la Rep\u00fablica, Delcy Rodr\u00edguez, deber\u00e1 presentar \u00abpara su debate, revisi\u00f3n y aprobaci\u00f3n definitiva\u00bb el Proyecto de la Ley Org\u00e1nica de Coordinaci\u00f3n y Armonizaci\u00f3n Tributaria.<\/p>\n\n\n\n<p>El anuncio lo realiz\u00f3 el presidente de la Rep\u00fablica Bolivariana de Venezuela, Nicol\u00e1s Maduro Moros, quien detall\u00f3 que la Comisi\u00f3n Multidisciplinaria estar\u00e1 integrada por tres gobernadores, siete alcaldes o alcaldesas para avanzar en \u00abla revoluci\u00f3n tributaria que el pa\u00eds necesita en la construcci\u00f3n del nuevo modelo econ\u00f3mico post rentista petrolero\u00bb.<\/p>\n\n\n\n<p>La revisi\u00f3n de la Ley Org\u00e1nica de Coordinaci\u00f3n y Armonizaci\u00f3n Tributaria se da posterior a la exposici\u00f3n del presidente de la Asamblea Nacional, Jorge Rodr\u00edguez, y los diputados Diosdado Cabello, Jes\u00fas Far\u00edas y Pedro Carre\u00f1o durante una reuni\u00f3n con gobernadores y alcaldes en el marco del 1X10 del Buen Gobierno.<\/p>\n\n\n\n<p>\u00abUn nuevo modelo econ\u00f3mico que garantice los recursos con justicia tributaria\u00bb, agreg\u00f3 el Mandatario.<\/p>\n\n\n\n<p>El pasado 25 de agosto, la Asamblea Nacional aprob\u00f3 en primera discusi\u00f3n la Ley Org\u00e1nica de Coordinaci\u00f3n y Armonizaci\u00f3n de las Potestades Tributaria de los Estados y Municipios para dirigir esfuerzos al desarrollo de la econom\u00eda nacional.<\/p>\n\n\n\n<p><strong>Prensa Presidencial \/ Eduardo Hueck<\/strong><\/p>\n","protected":false},"excerpt":{"rendered":"<p>Cuartel de la Monta\u00f1a 4F, Caracas.- En un plazo de siete d\u00edas, una Comisi\u00f3n Multidisciplinaria, encabezada por la Vicepresidenta de la Rep\u00fablica, Delcy Rodr\u00edguez, deber\u00e1 presentar \u00abpara su debate, revisi\u00f3n y aprobaci\u00f3n definitiva\u00bb el Proyecto de la Ley Org\u00e1nica de Coordinaci\u00f3n y Armonizaci\u00f3n Tributaria. El anuncio lo realiz\u00f3 el presidente de la Rep\u00fablica Bolivariana de [&hellip;]<\/p>\n","protected":false},"author":6,"featured_media":3614,"comment_status":"open","ping_status":"open","sticky":false,"template":"","format":"standard","meta":{"footnotes":""},"categories":[18,7],"tags":[30,21,19,20],"class_list":["post-3613","post","type-post","status-publish","format-standard","has-post-thumbnail","hentry","category-noticias-principales","category-notas-de-prensa","tag-destacado","tag-economia-venezolana","tag-nicolas-maduro","tag-venezuela"],"_links":{"self":[{"href":"https:\/\/prensapresidencialvenezuela.gob.ve\/index.php\/wp-json\/wp\/v2\/posts\/3613","targetHints":{"allow":["GET"]}}],"collection":[{"href":"https:\/\/prensapresidencialvenezuela.gob.ve\/index.php\/wp-json\/wp\/v2\/posts"}],"about":[{"href":"https:\/\/prensapresidencialvenezuela.gob.ve\/index.php\/wp-json\/wp\/v2\/types\/post"}],"author":[{"embeddable":true,"href":"https:\/\/prensapresidencialvenezuela.gob.ve\/index.php\/wp-json\/wp\/v2\/users\/6"}],"replies":[{"embeddable":true,"href":"https:\/\/prensapresidencialvenezuela.gob.ve\/index.php\/wp-json\/wp\/v2\/comments?post=3613"}],"version-history":[{"count":1,"href":"https:\/\/prensapresidencialvenezuela.gob.ve\/index.php\/wp-json\/wp\/v2\/posts\/3613\/revisions"}],"predecessor-version":[{"id":3615,"href":"https:\/\/prensapresidencialvenezuela.gob.ve\/index.php\/wp-json\/wp\/v2\/posts\/3613\/revisions\/3615"}],"wp:featuredmedia":[{"embeddable":true,"href":"https:\/\/prensapresidencialvenezuela.gob.ve\/index.php\/wp-json\/wp\/v2\/media\/3614"}],"wp:attachment":[{"href":"https:\/\/prensapresidencialvenezuela.gob.ve\/index.php\/wp-json\/wp\/v2\/media?parent=3613"}],"wp:term":[{"taxonomy":"category","embeddable":true,"href":"https:\/\/prensapresidencialvenezuela.gob.ve\/index.php\/wp-json\/wp\/v2\/categories?post=3613"},{"taxonomy":"post_tag","embeddable":true,"href":"https:\/\/prensapresidencialvenezuela.gob.ve\/index.php\/wp-json\/wp\/v2\/tags?post=3613"}],"curies":[{"name":"wp","href":"https:\/\/api.w.org\/{rel}","templated":true}]}}