{"id":3650,"date":"2022-09-27T21:56:24","date_gmt":"2022-09-27T21:56:24","guid":{"rendered":"http:\/\/172.27.0.121\/?p=3650"},"modified":"2022-09-27T21:56:24","modified_gmt":"2022-09-27T21:56:24","slug":"presidente-constata-avances-de-las-bricomiles-en-la-guaira","status":"publish","type":"post","link":"https:\/\/prensapresidencialvenezuela.gob.ve\/index.php\/2022\/09\/27\/presidente-constata-avances-de-las-bricomiles-en-la-guaira\/","title":{"rendered":"Presidente constata avances de las BRICOMILES en La Guaira"},"content":{"rendered":"\n<p><strong>Catia La Mar, La Guaira.- <\/strong>Como parte de las pol\u00edticas en materia de salud p\u00fablicaque impulsa el Gobierno Bolivariano, este martes, el presidente de la Rep\u00fablica, Nicol\u00e1s Maduro Moros, ofrece un balance de este sector, en el marco de la trabajos que realiza las Brigadas Comunitarias Militares para la Salud (BRICOMILES), en el estado La Guaira.<\/p>\n\n\n\n<p>Ubicado en el sector La Atl\u00e1ntida, en la avenida El Balneario, en Catia La Mar, el Centro de Diagn\u00f3stico Integral (CDI) \u201cDora Mercedes Gonz\u00e1lez\u201d, atiende a m\u00e1s de 60 mil habitantes de las zonas aleda\u00f1as, brindando atenci\u00f3n gratuita y de calidad, como parte del derecho y protecci\u00f3n social que garantiza el Ejecutivo Nacional.<\/p>\n\n\n\n<p>La rehabilitaci\u00f3n de este CDI, contempla la rehabilitaci\u00f3n de \u00e1reas e infraestructura, as\u00ed como trabajos de iluminaci\u00f3n, aplicaci\u00f3n de pinturas en paredes, impermeabilizaci\u00f3n del techo y activaci\u00f3n de los servicios p\u00fablicos.<\/p>\n\n\n\n<p>Asimismo, este este centro de salud cuenta con una sala quir\u00fargica que ha sido rehabilitada en su totalidad, dotada de equipos, servicios de rayos X, ecograf\u00eda, electrocardiograma, endocospia, odontolog\u00eda, medicina interna, traumatolog\u00eda y cirug\u00eda.<\/p>\n\n\n\n<p>Este CDI, es el segundo centro de salud en Catia La Mar, que brinda atenci\u00f3n integral en distintas \u00e1reas de salud. El trabajo en conjunto con el Ejecutivo Nacional, regional y la comunidad organizada, ha permitido fortalecer el Sistema P\u00fablico Nacional de Salud en la localidad guairense.<\/p>\n\n\n\n<p>Desde la activaci\u00f3n de las BRICOMILES, enmarcado en el sistema 1&#215;10 del Buen Gobierno, el Estado busca garantizar la rehabilitaci\u00f3n y equipamiento de los centros de salud, en funci\u00f3n de brindar la atenci\u00f3n m\u00e9dica integral al Pueblo venezolano.<\/p>\n\n\n\n<p>Acompa\u00f1an al Mandatario, la primera combatiente y diputada a la Asamblea Nacional (AN), Cilia Flores, Gabriela Jim\u00e9nez, vicepresidenta Social de Ciencia, Tecnol\u00f3gica, Educaci\u00f3n y Salud y ministra de Ciencia y Tecnolog\u00eda, Jos\u00e9 Alejandro Ter\u00e1n, gobernador del estado La Guaira, entre otras autoridades e invitados especiales.<\/p>\n\n\n\n<p><strong>Prensa Presidencial\/Joelin Jim\u00e9nez<\/strong><\/p>\n","protected":false},"excerpt":{"rendered":"<p>Catia La Mar, La Guaira.- Como parte de las pol\u00edticas en materia de salud p\u00fablicaque impulsa el Gobierno Bolivariano, este martes, el presidente de la Rep\u00fablica, Nicol\u00e1s Maduro Moros, ofrece un balance de este sector, en el marco de la trabajos que realiza las Brigadas Comunitarias Militares para la Salud (BRICOMILES), en el estado La [&hellip;]<\/p>\n","protected":false},"author":6,"featured_media":3651,"comment_status":"open","ping_status":"open","sticky":false,"template":"","format":"standard","meta":{"footnotes":""},"categories":[18,7],"tags":[30,19,27,20],"class_list":["post-3650","post","type-post","status-publish","format-standard","has-post-thumbnail","hentry","category-noticias-principales","category-notas-de-prensa","tag-destacado","tag-nicolas-maduro","tag-revolucion-bolivariana","tag-venezuela"],"_links":{"self":[{"href":"https:\/\/prensapresidencialvenezuela.gob.ve\/index.php\/wp-json\/wp\/v2\/posts\/3650","targetHints":{"allow":["GET"]}}],"collection":[{"href":"https:\/\/prensapresidencialvenezuela.gob.ve\/index.php\/wp-json\/wp\/v2\/posts"}],"about":[{"href":"https:\/\/prensapresidencialvenezuela.gob.ve\/index.php\/wp-json\/wp\/v2\/types\/post"}],"author":[{"embeddable":true,"href":"https:\/\/prensapresidencialvenezuela.gob.ve\/index.php\/wp-json\/wp\/v2\/users\/6"}],"replies":[{"embeddable":true,"href":"https:\/\/prensapresidencialvenezuela.gob.ve\/index.php\/wp-json\/wp\/v2\/comments?post=3650"}],"version-history":[{"count":1,"href":"https:\/\/prensapresidencialvenezuela.gob.ve\/index.php\/wp-json\/wp\/v2\/posts\/3650\/revisions"}],"predecessor-version":[{"id":3652,"href":"https:\/\/prensapresidencialvenezuela.gob.ve\/index.php\/wp-json\/wp\/v2\/posts\/3650\/revisions\/3652"}],"wp:featuredmedia":[{"embeddable":true,"href":"https:\/\/prensapresidencialvenezuela.gob.ve\/index.php\/wp-json\/wp\/v2\/media\/3651"}],"wp:attachment":[{"href":"https:\/\/prensapresidencialvenezuela.gob.ve\/index.php\/wp-json\/wp\/v2\/media?parent=3650"}],"wp:term":[{"taxonomy":"category","embeddable":true,"href":"https:\/\/prensapresidencialvenezuela.gob.ve\/index.php\/wp-json\/wp\/v2\/categories?post=3650"},{"taxonomy":"post_tag","embeddable":true,"href":"https:\/\/prensapresidencialvenezuela.gob.ve\/index.php\/wp-json\/wp\/v2\/tags?post=3650"}],"curies":[{"name":"wp","href":"https:\/\/api.w.org\/{rel}","templated":true}]}}