{"id":3697,"date":"2022-09-29T23:05:13","date_gmt":"2022-09-29T23:05:13","guid":{"rendered":"http:\/\/172.27.0.121\/?p=3697"},"modified":"2022-09-29T23:05:13","modified_gmt":"2022-09-29T23:05:13","slug":"desplegada-operacion-gran-cacique-manaure-en-la-peninsula-de-paraguana","status":"publish","type":"post","link":"https:\/\/prensapresidencialvenezuela.gob.ve\/index.php\/2022\/09\/29\/desplegada-operacion-gran-cacique-manaure-en-la-peninsula-de-paraguana\/","title":{"rendered":"Desplegada Operaci\u00f3n \u201cGran Cacique Manaure\u201d en la Pen\u00ednsula de Paraguan\u00e1"},"content":{"rendered":"\n<p><strong>Fuerte Tiuna, Caracas.- <\/strong>Con el despliegue de 2.500 combatientes inicia este jueves la Operaci\u00f3n \u201cGran Cacique Manaure\u201d en la Pen\u00ednsula de Paraguan\u00e1, ubicado en el estado Falc\u00f3n, para proteger el territorio de los grupos TANCOL (Terroristas Armados Narcotraficantes de Colombia).<\/p>\n\n\n\n<p>\u201cVamos a demostrar que ha valido la pena todo el esfuerzo, que es justa la doctrina militar bolivariana, que estamos en capacidad de defender todo el territorio de manera exitosa y victoriosa\u201d, enfatiz\u00f3 el Comandante en Jefe de la Fuerza Armada Nacional Bolivariana (FANB), Nicol\u00e1s Maduro, al autorizar la activaci\u00f3n de la Operaci\u00f3n \u201cGran Cacique Manaure\u201d.<\/p>\n\n\n\n<p>Desde la Pen\u00ednsula de Paraguan\u00e1, el general Jos\u00e9 Santiago Moreno Mart\u00ednez puntualiz\u00f3 que en la Operaci\u00f3n \u201cGran Cacique Manaure\u201d intervienen ocho embarcaciones de gran calado, 56 botes ligeros, 58 tanques de guerra, 85 veh\u00edculos livianos, ocho aeronaves de combate y cinco helic\u00f3pteros.<\/p>\n\n\n\n<p>En este sentido, con participaci\u00f3n de la Milicia Bolivariana y Cuerpos Combatientes de Petr\u00f3leos de Venezuela (PDVSA), se desplegar\u00e1n tres grandes ejercicios militares que comprende el Plan de Defensa para Proteger a la Refiner\u00eda de Paraguan\u00e1; toma de cabeza de plata en las instalaci\u00f3n de la Planta Termoel\u00e9ctrica Josefa Camejo (Punto Fijo) y operaci\u00f3n de infiltraci\u00f3n para la toma de aeropuertos.<\/p>\n\n\n\n<p>\u201cHoy realizaremos la operaci\u00f3n de toma de cabeza de playa, de coordinaci\u00f3n, donde se iniciar\u00e1 inicialmente con apoyo de fuego a\u00e9reo de profundidad para diezmar al enemigo\u201d, precis\u00f3 Moreno Mart\u00ednez.<\/p>\n\n\n\n<p>La activaci\u00f3n de la Operaci\u00f3n \u201cGran Cacique Manaure\u201d contempl\u00f3 maniobras de infiltraci\u00f3n con tropas paracaidistas, la defensa del canal de navegaci\u00f3n con tropas aerotransportadas navales y combatientes; y el despliegue de anfibios para la toma de playa.<\/p>\n\n\n\n<p><strong>Prensa Presidencial \/ Karelis Gonz\u00e1lez<\/strong><\/p>\n","protected":false},"excerpt":{"rendered":"<p>Fuerte Tiuna, Caracas.- Con el despliegue de 2.500 combatientes inicia este jueves la Operaci\u00f3n \u201cGran Cacique Manaure\u201d en la Pen\u00ednsula de Paraguan\u00e1, ubicado en el estado Falc\u00f3n, para proteger el territorio de los grupos TANCOL (Terroristas Armados Narcotraficantes de Colombia). \u201cVamos a demostrar que ha valido la pena todo el esfuerzo, que es justa la [&hellip;]<\/p>\n","protected":false},"author":6,"featured_media":3698,"comment_status":"open","ping_status":"open","sticky":false,"template":"","format":"standard","meta":{"footnotes":""},"categories":[18,7],"tags":[30,19,27,20],"class_list":["post-3697","post","type-post","status-publish","format-standard","has-post-thumbnail","hentry","category-noticias-principales","category-notas-de-prensa","tag-destacado","tag-nicolas-maduro","tag-revolucion-bolivariana","tag-venezuela"],"_links":{"self":[{"href":"https:\/\/prensapresidencialvenezuela.gob.ve\/index.php\/wp-json\/wp\/v2\/posts\/3697","targetHints":{"allow":["GET"]}}],"collection":[{"href":"https:\/\/prensapresidencialvenezuela.gob.ve\/index.php\/wp-json\/wp\/v2\/posts"}],"about":[{"href":"https:\/\/prensapresidencialvenezuela.gob.ve\/index.php\/wp-json\/wp\/v2\/types\/post"}],"author":[{"embeddable":true,"href":"https:\/\/prensapresidencialvenezuela.gob.ve\/index.php\/wp-json\/wp\/v2\/users\/6"}],"replies":[{"embeddable":true,"href":"https:\/\/prensapresidencialvenezuela.gob.ve\/index.php\/wp-json\/wp\/v2\/comments?post=3697"}],"version-history":[{"count":1,"href":"https:\/\/prensapresidencialvenezuela.gob.ve\/index.php\/wp-json\/wp\/v2\/posts\/3697\/revisions"}],"predecessor-version":[{"id":3699,"href":"https:\/\/prensapresidencialvenezuela.gob.ve\/index.php\/wp-json\/wp\/v2\/posts\/3697\/revisions\/3699"}],"wp:featuredmedia":[{"embeddable":true,"href":"https:\/\/prensapresidencialvenezuela.gob.ve\/index.php\/wp-json\/wp\/v2\/media\/3698"}],"wp:attachment":[{"href":"https:\/\/prensapresidencialvenezuela.gob.ve\/index.php\/wp-json\/wp\/v2\/media?parent=3697"}],"wp:term":[{"taxonomy":"category","embeddable":true,"href":"https:\/\/prensapresidencialvenezuela.gob.ve\/index.php\/wp-json\/wp\/v2\/categories?post=3697"},{"taxonomy":"post_tag","embeddable":true,"href":"https:\/\/prensapresidencialvenezuela.gob.ve\/index.php\/wp-json\/wp\/v2\/tags?post=3697"}],"curies":[{"name":"wp","href":"https:\/\/api.w.org\/{rel}","templated":true}]}}