{"id":3724,"date":"2022-10-07T01:30:37","date_gmt":"2022-10-07T01:30:37","guid":{"rendered":"http:\/\/172.27.0.121\/?p=3724"},"modified":"2022-10-07T01:30:37","modified_gmt":"2022-10-07T01:30:37","slug":"120-municipios-presentan-afectaciones-directas-por-lluvias","status":"publish","type":"post","link":"https:\/\/prensapresidencialvenezuela.gob.ve\/index.php\/2022\/10\/07\/120-municipios-presentan-afectaciones-directas-por-lluvias\/","title":{"rendered":"120 municipios presentan afectaciones directas por lluvias"},"content":{"rendered":"\n<p><strong>Palacio de Miraflores, Caracas.- <\/strong>A ra\u00edz de las fuertes precipitaciones registradas en las \u00faltimas horas, 120 municipios presentan afectaciones directas, detall\u00f3 el presidente de la Rep\u00fablica, Nicol\u00e1s Maduro.<\/p>\n\n\n\n<p>Desde el Puesto de Comando Presidencial, ubicado en el Palacio de Miraflores, puntualiz\u00f3 que \u201cest\u00e1n disponibles en tiempo real\u201d los recursos del Fondo de Lluvias, as\u00ed como la maquinaria y el personal especializado para atender las contingencias provocadas por el paso de la onda tropical N\u00b0 41.<\/p>\n\n\n\n<p>\u201cEste pueblo tiene que tener el abrazo nuestro siempre, pero, sobre todo, en las circunstancias dif\u00edciles como en este momento en el que estamos enfrentando este periodo de lluvias, afectadas por el cambio clim\u00e1tico\u201d, subray\u00f3, al tiempo que record\u00f3 que \u201cquedan 24 ondas tropicales del periodo de lluvias\u201d.<\/p>\n\n\n\n<p>Al respecto, el ministro del Poder Popular para Relaciones Interiores, Justicia y Paz, Remigio Ceballos, se\u00f1al\u00f3 que se encuentra activo el Fondo de Emergencia \u201cpara la atenci\u00f3n de toda la situaci\u00f3n nacional que se presente\u201d, no solo para reforzar al personal de Protecci\u00f3n Civil y Cuerpo de Bomberos de los estados, sino para \u201cel control de emergencias y desastres producidos en la vialidad y viviendas\u201d.<\/p>\n\n\n\n<p>Explic\u00f3 que se mantienen alertas para enviar apoyo inmediato en materia de enseres o equipos a las Gobernaciones. En este sentido, recalc\u00f3 que \u201ctodos los gobernadores pueden enviar los requerimientos que tengan para proceder de inmediato a mitigar la situaci\u00f3n\u201d.<\/p>\n\n\n\n<p><strong>Despliegue ante emergencia por lluvias<\/strong><\/p>\n\n\n\n<p>A trav\u00e9s de una videoconferencia, el gobernador del estado Carabobo, Rafael Lacava, precis\u00f3 que las autoridades se mantienen desplegadas para abrir el paso de la autopista de Puerto Cabello, luego del deslave registrado m\u00e1s temprano en la zona de Boca del Lobo, correspondiente al tramo La Sorpresa \u2013 Los Muelles.<\/p>\n\n\n\n<p>\u201cUna saturaci\u00f3n del terreno hizo que se desprendieran grandes rocas de la monta\u00f1a, se tuvo que cerrar la autopista. A\u00fan no hemos podido remover los escombros porque la monta\u00f1a sigue drenando, por seguridad de los operadores de las m\u00e1quinas debemos esperar para actuar en consecuencia\u201d, agreg\u00f3.<\/p>\n\n\n\n<p>Lacava afirm\u00f3 que tambi\u00e9n se contabilizan afectaciones en el municipio Juan Jos\u00e9 Mora y en el eje costero del estado Carabobo. Igualmente, inform\u00f3 se registran incidencias en la v\u00eda hacia Trapichito, en la parroquia Miguel Pe\u00f1a, espec\u00edficamente en la escuela Rolando Carrillo, donde \u201cel r\u00edo socav\u00f3 el muro de contenci\u00f3n\u201d.<\/p>\n\n\n\n<p>\u201cEstamos tratando de reubicar a los ni\u00f1os, mientras atendemos el tema\u201d, indic\u00f3.<\/p>\n\n\n\n<p><strong>Prensa Presidencial \/ Karelis Gonz\u00e1lez<\/strong><\/p>\n","protected":false},"excerpt":{"rendered":"<p>Palacio de Miraflores, Caracas.- A ra\u00edz de las fuertes precipitaciones registradas en las \u00faltimas horas, 120 municipios presentan afectaciones directas, detall\u00f3 el presidente de la Rep\u00fablica, Nicol\u00e1s Maduro. Desde el Puesto de Comando Presidencial, ubicado en el Palacio de Miraflores, puntualiz\u00f3 que \u201cest\u00e1n disponibles en tiempo real\u201d los recursos del Fondo de Lluvias, as\u00ed como [&hellip;]<\/p>\n","protected":false},"author":6,"featured_media":3725,"comment_status":"open","ping_status":"open","sticky":false,"template":"","format":"standard","meta":{"footnotes":""},"categories":[18,7],"tags":[30,19,27,20],"class_list":["post-3724","post","type-post","status-publish","format-standard","has-post-thumbnail","hentry","category-noticias-principales","category-notas-de-prensa","tag-destacado","tag-nicolas-maduro","tag-revolucion-bolivariana","tag-venezuela"],"_links":{"self":[{"href":"https:\/\/prensapresidencialvenezuela.gob.ve\/index.php\/wp-json\/wp\/v2\/posts\/3724","targetHints":{"allow":["GET"]}}],"collection":[{"href":"https:\/\/prensapresidencialvenezuela.gob.ve\/index.php\/wp-json\/wp\/v2\/posts"}],"about":[{"href":"https:\/\/prensapresidencialvenezuela.gob.ve\/index.php\/wp-json\/wp\/v2\/types\/post"}],"author":[{"embeddable":true,"href":"https:\/\/prensapresidencialvenezuela.gob.ve\/index.php\/wp-json\/wp\/v2\/users\/6"}],"replies":[{"embeddable":true,"href":"https:\/\/prensapresidencialvenezuela.gob.ve\/index.php\/wp-json\/wp\/v2\/comments?post=3724"}],"version-history":[{"count":1,"href":"https:\/\/prensapresidencialvenezuela.gob.ve\/index.php\/wp-json\/wp\/v2\/posts\/3724\/revisions"}],"predecessor-version":[{"id":3726,"href":"https:\/\/prensapresidencialvenezuela.gob.ve\/index.php\/wp-json\/wp\/v2\/posts\/3724\/revisions\/3726"}],"wp:featuredmedia":[{"embeddable":true,"href":"https:\/\/prensapresidencialvenezuela.gob.ve\/index.php\/wp-json\/wp\/v2\/media\/3725"}],"wp:attachment":[{"href":"https:\/\/prensapresidencialvenezuela.gob.ve\/index.php\/wp-json\/wp\/v2\/media?parent=3724"}],"wp:term":[{"taxonomy":"category","embeddable":true,"href":"https:\/\/prensapresidencialvenezuela.gob.ve\/index.php\/wp-json\/wp\/v2\/categories?post=3724"},{"taxonomy":"post_tag","embeddable":true,"href":"https:\/\/prensapresidencialvenezuela.gob.ve\/index.php\/wp-json\/wp\/v2\/tags?post=3724"}],"curies":[{"name":"wp","href":"https:\/\/api.w.org\/{rel}","templated":true}]}}