{"id":3757,"date":"2022-10-13T22:46:50","date_gmt":"2022-10-13T22:46:50","guid":{"rendered":"http:\/\/172.27.0.121\/?p=3757"},"modified":"2022-10-13T22:46:50","modified_gmt":"2022-10-13T22:46:50","slug":"talleres-de-poesia-se-multiplicaran-en-liceos-del-pais","status":"publish","type":"post","link":"https:\/\/prensapresidencialvenezuela.gob.ve\/index.php\/2022\/10\/13\/talleres-de-poesia-se-multiplicaran-en-liceos-del-pais\/","title":{"rendered":"Talleres de poes\u00eda se multiplicar\u00e1n en liceos del pa\u00eds"},"content":{"rendered":"\n<p><strong>Teatro Teresa Carre\u00f1o, Caracas.-<\/strong> Con las palabras \u00abestamos haciendo lo que hay que hacer para cosechar almas nuevas, esp\u00edritu nuevo\u00bb, el presidente de la Rep\u00fablica, Nicol\u00e1s Maduro, celebr\u00f3 la propuesta de instalar talleres de poes\u00eda en liceos del pa\u00eds.<\/p>\n\n\n\n<p>A prop\u00f3sito de la inauguraci\u00f3n del XVI Festival Mundial de Poes\u00eda, se\u00f1al\u00f3 que \u00abtenemos que llevar la cultura en todas sus maneras de expresi\u00f3n a la juventud, a los ni\u00f1os, a las ni\u00f1as\u00bb como v\u00eda para convertir el hecho cultural en un proceso que impacte en los pueblos.<\/p>\n\n\n\n<p>\u00abMe alegra cuando me dicen que el teatro est\u00e1 llegando a las escuelas, a los liceos, a los barrios; cuando me dicen que la m\u00fasica se multiplica por millones entre ni\u00f1os, ni\u00f1as y j\u00f3venes \u2013porque- estamos haciendo el trabajo que hay que hacer. Y cuando escucho que la poes\u00eda empieza a llegar a los liceos y que talleres de poes\u00eda va a haber entre los estudiantes, yo digo: estamos haciendo lo que hay que hacer para cosechar almas nuevas\u00bb, enfatiz\u00f3 desde el Teatro Teresa Carre\u00f1o, ubicado en Caracas.<\/p>\n\n\n\n<p>La masificaci\u00f3n de talleres de poes\u00eda responde a un planteamiento elevado por la Federaci\u00f3n Venezolana de Estudiantes de Educaci\u00f3n Media (FEVEEM) al vicepresidente de Comunicaci\u00f3n, Cultura y Turismo, Freddy \u00d1\u00e1\u00f1ez, durante una visita al Liceo Andr\u00e9s Bello, situado en Caracas.<\/p>\n\n\n\n<p>\u00abNos pidieron que no fuera solo un festival anual, sino que dejase un saldo organizativo; y los estudiantes nos han propuesto abrir una escuela de poes\u00eda en todos los liceos y hemos aceptado el reto\u00bb, puntualiz\u00f3 \u00d1\u00e1\u00f1ez.<\/p>\n\n\n\n<p><strong>Prensa Presidencial \/ Karelis Gonz\u00e1lez<\/strong><\/p>\n","protected":false},"excerpt":{"rendered":"<p>Teatro Teresa Carre\u00f1o, Caracas.- Con las palabras \u00abestamos haciendo lo que hay que hacer para cosechar almas nuevas, esp\u00edritu nuevo\u00bb, el presidente de la Rep\u00fablica, Nicol\u00e1s Maduro, celebr\u00f3 la propuesta de instalar talleres de poes\u00eda en liceos del pa\u00eds. A prop\u00f3sito de la inauguraci\u00f3n del XVI Festival Mundial de Poes\u00eda, se\u00f1al\u00f3 que \u00abtenemos que llevar [&hellip;]<\/p>\n","protected":false},"author":6,"featured_media":3758,"comment_status":"open","ping_status":"open","sticky":false,"template":"","format":"standard","meta":{"footnotes":""},"categories":[18,7],"tags":[30,19,27,20],"class_list":["post-3757","post","type-post","status-publish","format-standard","has-post-thumbnail","hentry","category-noticias-principales","category-notas-de-prensa","tag-destacado","tag-nicolas-maduro","tag-revolucion-bolivariana","tag-venezuela"],"_links":{"self":[{"href":"https:\/\/prensapresidencialvenezuela.gob.ve\/index.php\/wp-json\/wp\/v2\/posts\/3757","targetHints":{"allow":["GET"]}}],"collection":[{"href":"https:\/\/prensapresidencialvenezuela.gob.ve\/index.php\/wp-json\/wp\/v2\/posts"}],"about":[{"href":"https:\/\/prensapresidencialvenezuela.gob.ve\/index.php\/wp-json\/wp\/v2\/types\/post"}],"author":[{"embeddable":true,"href":"https:\/\/prensapresidencialvenezuela.gob.ve\/index.php\/wp-json\/wp\/v2\/users\/6"}],"replies":[{"embeddable":true,"href":"https:\/\/prensapresidencialvenezuela.gob.ve\/index.php\/wp-json\/wp\/v2\/comments?post=3757"}],"version-history":[{"count":1,"href":"https:\/\/prensapresidencialvenezuela.gob.ve\/index.php\/wp-json\/wp\/v2\/posts\/3757\/revisions"}],"predecessor-version":[{"id":3759,"href":"https:\/\/prensapresidencialvenezuela.gob.ve\/index.php\/wp-json\/wp\/v2\/posts\/3757\/revisions\/3759"}],"wp:featuredmedia":[{"embeddable":true,"href":"https:\/\/prensapresidencialvenezuela.gob.ve\/index.php\/wp-json\/wp\/v2\/media\/3758"}],"wp:attachment":[{"href":"https:\/\/prensapresidencialvenezuela.gob.ve\/index.php\/wp-json\/wp\/v2\/media?parent=3757"}],"wp:term":[{"taxonomy":"category","embeddable":true,"href":"https:\/\/prensapresidencialvenezuela.gob.ve\/index.php\/wp-json\/wp\/v2\/categories?post=3757"},{"taxonomy":"post_tag","embeddable":true,"href":"https:\/\/prensapresidencialvenezuela.gob.ve\/index.php\/wp-json\/wp\/v2\/tags?post=3757"}],"curies":[{"name":"wp","href":"https:\/\/api.w.org\/{rel}","templated":true}]}}